{"id":3329,"date":"2024-03-15T07:26:37","date_gmt":"2024-03-15T07:26:37","guid":{"rendered":"https:\/\/www.grupoconstrucia.com\/?p=3329"},"modified":"2024-03-15T07:50:46","modified_gmt":"2024-03-15T07:50:46","slug":"grupo-construcia-y-laragon-unidos-en-una-conversacion-sobre-sostenibilidad-empresarial","status":"publish","type":"post","link":"https:\/\/www.grupoconstrucia.com\/index.php\/grupo-construcia-y-laragon-unidos-en-una-conversacion-sobre-sostenibilidad-empresarial\/","title":{"rendered":"Grupo Construc\u00eda y Laragon unidos en una conversaci\u00f3n sobre sostenibilidad empresarial"},"content":{"rendered":"<p><span data-contrast=\"auto\">Laragon Consultores y Grupo Construc\u00eda, se preparan para asistir al evento \u00abSostenibilidad corporativa: M\u00e1s all\u00e1 de las palabras y las hojas de c\u00e1lculo\u00bb, el pr\u00f3ximo 21 de marzo en el centro de Madrid.\u00a0<\/span><span data-ccp-props=\"{&quot;335551550&quot;:6,&quot;335551620&quot;:6}\">\u00a0<\/span><\/p>\n<p><span data-contrast=\"auto\">El evento, patrocinado por IBM y organizado por Europa Press, ser\u00e1 un espacio donde expertos y l\u00edderes del sector compartir\u00e1n conocimientos sobre diversos temas cruciales en la sostenibilidad corporativa, desde la formaci\u00f3n en materia de sostenibilidad para las generaciones futuras, hasta los desaf\u00edos empresariales en este \u00e1mbito.\u00a0<\/span><span data-ccp-props=\"{&quot;335551550&quot;:6,&quot;335551620&quot;:6}\">\u00a0<\/span><\/p>\n<p><span data-contrast=\"auto\">Uno de los momentos clave del evento ser\u00e1 la participaci\u00f3n conjunta de Laragon Consultores y Grupo Construc\u00eda en una <\/span><span data-contrast=\"auto\">sesi\u00f3n dedicada a la digitalizaci\u00f3n de la huella de carbono y la eficiencia energ\u00e9tica.<\/span><span data-ccp-props=\"{&quot;335551550&quot;:6,&quot;335551620&quot;:6}\">\u00a0<\/span><\/p>\n<p><span data-contrast=\"auto\">Grupo Construc\u00eda, ecosistema de empresas que busca transformar el sector de la construcci\u00f3n y la industria mediante la econom\u00eda circular, contar\u00e1 con la participaci\u00f3n de Gaspar Sainz de Aja, director de Sostenibilidad del Grupo, quien representar\u00e1 a la empresa en la tem\u00e1tica \u201cDivulgaci\u00f3n ESG\u201d como un caso de \u00e9xito con la implementaci\u00f3n del software IBM Envizi ESG Suite, aportando la experiencia de la compa\u00f1\u00eda en la integraci\u00f3n de estrategias que buscan generar un impacto neto positivo.\u00a0<\/span><span data-ccp-props=\"{&quot;335551550&quot;:6,&quot;335551620&quot;:6}\">\u00a0<\/span><\/p>\n<p><span data-contrast=\"none\">Mientras tanto, Laragon Consultores, reconocida por su experiencia en consultor\u00eda tecnol\u00f3gica especializada en estrategia y sostenibilidad, se sumar\u00e1 a esta alianza con su conocimiento en la transformaci\u00f3n digital de procesos esenciales. La incorporaci\u00f3n de Antonio Arag\u00f3n, partner \u2013 CSO de Laragon, enriquecer\u00e1 la conversaci\u00f3n al aportar su enfoque especializado en la digitalizaci\u00f3n de procesos clave. Esta colaboraci\u00f3n promete impulsar a\u00fan m\u00e1s la capacidad de Grupo Construc\u00eda para avanzar en su estrategia de sostenibilidad de manera eficaz. Por ejemplo, mediante la integraci\u00f3n de soluciones como Envizi, Laragon y Grupo Construc\u00eda podr\u00e1n aprovechar al m\u00e1ximo la recopilaci\u00f3n y an\u00e1lisis de datos ambientales, fortaleciendo as\u00ed su compromiso con la gesti\u00f3n ambiental integral.<\/span><span data-ccp-props=\"{&quot;335551550&quot;:6,&quot;335551620&quot;:6}\">\u00a0<\/span><\/p>\n<p><span data-contrast=\"auto\">Para Grupo Construc\u00eda, la adopci\u00f3n de Envizi representa un paso significativo hacia la mejora continua de su estrategia de sostenibilidad. Esta soluci\u00f3n facilitar\u00e1 la toma de decisiones informadas y sustentadas en datos de calidad.<\/span><span data-ccp-props=\"{&quot;335551550&quot;:6,&quot;335551620&quot;:6}\">\u00a0<\/span><\/p>\n<p><span data-contrast=\"auto\">Este evento promete ser un <\/span><b><span data-contrast=\"auto\">punto de encuentro<\/span><\/b><span data-contrast=\"auto\"> fundamental para explorar c\u00f3mo las empresas pueden ir m\u00e1s all\u00e1 de las palabras y las hojas de c\u00e1lculo en su compromiso con la sostenibilidad. En la colaboraci\u00f3n entre Laragon y Grupo Construc\u00eda resalta el papel crucial que desempe\u00f1an tanto la consultor\u00eda como la industria en la <\/span><b><span data-contrast=\"auto\">b\u00fasqueda de soluciones innovadoras para los desaf\u00edos actuales en materia de sostenibilidad.<\/span><\/b><span data-ccp-props=\"{&quot;335551550&quot;:6,&quot;335551620&quot;:6}\">\u00a0<\/span><\/p>\n<p><span data-contrast=\"auto\">Se espera que la participaci\u00f3n de ambas empresas en este evento inspire a otras organizaciones a comprometerse activamente con la sostenibilidad en todas las facetas de sus operaciones.<\/span><span data-ccp-props=\"{&quot;335551550&quot;:6,&quot;335551620&quot;:6}\">\u00a0<\/span><\/p>\n<p><span data-ccp-props=\"{&quot;335551550&quot;:6,&quot;335551620&quot;:6}\">\u00a0<\/span><\/p>\n","protected":false},"excerpt":{"rendered":"<p>Laragon Consultores y Grupo Construc\u00eda, se preparan para asistir al evento \u00abSostenibilidad corporativa: M\u00e1s all\u00e1 de las palabras y las hojas de c\u00e1lculo\u00bb, el pr\u00f3ximo 21 de marzo en el<span class=\"excerpt-hellip\"> [\u2026]<\/span><\/p>\n","protected":false},"author":13,"featured_media":3330,"comment_status":"open","ping_status":"closed","sticky":false,"template":"","format":"standard","meta":{"_acf_changed":false,"footnotes":"","_links_to":"","_links_to_target":""},"categories":[40],"tags":[],"class_list":["post-3329","post","type-post","status-publish","format-standard","has-post-thumbnail","hentry","category-colaboracion"],"acf":[],"_links":{"self":[{"href":"https:\/\/www.grupoconstrucia.com\/index.php\/wp-json\/wp\/v2\/posts\/3329","targetHints":{"allow":["GET"]}}],"collection":[{"href":"https:\/\/www.grupoconstrucia.com\/index.php\/wp-json\/wp\/v2\/posts"}],"about":[{"href":"https:\/\/www.grupoconstrucia.com\/index.php\/wp-json\/wp\/v2\/types\/post"}],"author":[{"embeddable":true,"href":"https:\/\/www.grupoconstrucia.com\/index.php\/wp-json\/wp\/v2\/users\/13"}],"replies":[{"embeddable":true,"href":"https:\/\/www.grupoconstrucia.com\/index.php\/wp-json\/wp\/v2\/comments?post=3329"}],"version-history":[{"count":3,"href":"https:\/\/www.grupoconstrucia.com\/index.php\/wp-json\/wp\/v2\/posts\/3329\/revisions"}],"predecessor-version":[{"id":3335,"href":"https:\/\/www.grupoconstrucia.com\/index.php\/wp-json\/wp\/v2\/posts\/3329\/revisions\/3335"}],"wp:featuredmedia":[{"embeddable":true,"href":"https:\/\/www.grupoconstrucia.com\/index.php\/wp-json\/wp\/v2\/media\/3330"}],"wp:attachment":[{"href":"https:\/\/www.grupoconstrucia.com\/index.php\/wp-json\/wp\/v2\/media?parent=3329"}],"wp:term":[{"taxonomy":"category","embeddable":true,"href":"https:\/\/www.grupoconstrucia.com\/index.php\/wp-json\/wp\/v2\/categories?post=3329"},{"taxonomy":"post_tag","embeddable":true,"href":"https:\/\/www.grupoconstrucia.com\/index.php\/wp-json\/wp\/v2\/tags?post=3329"}],"curies":[{"name":"wp","href":"https:\/\/api.w.org\/{rel}","templated":true}]}}