{"id":3460,"date":"2024-07-16T10:02:55","date_gmt":"2024-07-16T10:02:55","guid":{"rendered":"https:\/\/www.grupoconstrucia.com\/?p=3460"},"modified":"2024-09-03T16:34:09","modified_gmt":"2024-09-03T16:34:09","slug":"29-de-noviembre-iv-foro-de-construccion-circular-living-in-a-material-world-enabling-systemic-action","status":"publish","type":"post","link":"https:\/\/www.grupoconstrucia.com\/index.php\/29-de-noviembre-iv-foro-de-construccion-circular-living-in-a-material-world-enabling-systemic-action\/","title":{"rendered":"29 de noviembre: IV Foro de Construcci\u00f3n Circular \u201cLiving in a material World. Enabling systemic action\u201d"},"content":{"rendered":"\t\t<div data-elementor-type=\"wp-post\" data-elementor-id=\"3460\" class=\"elementor elementor-3460\">\n\t\t\t\t\t\t<section class=\"elementor-section elementor-top-section elementor-element elementor-element-6749fccf elementor-section-boxed elementor-section-height-default elementor-section-height-default\" data-id=\"6749fccf\" data-element_type=\"section\" data-e-type=\"section\">\n\t\t\t\t\t\t<div class=\"elementor-container elementor-column-gap-default\">\n\t\t\t\t\t<div class=\"elementor-column elementor-col-100 elementor-top-column elementor-element elementor-element-987a585\" data-id=\"987a585\" data-element_type=\"column\" data-e-type=\"column\">\n\t\t\t<div class=\"elementor-widget-wrap elementor-element-populated\">\n\t\t\t\t\t\t<div class=\"elementor-element elementor-element-621b4d5f elementor-widget elementor-widget-text-editor\" data-id=\"621b4d5f\" data-element_type=\"widget\" data-e-type=\"widget\" data-widget_type=\"text-editor.default\">\n\t\t\t\t<div class=\"elementor-widget-container\">\n\t\t\t\t\t\t\t\t\t<p><b><span data-contrast=\"auto\">18 de julio 2024<\/span><\/b><span data-contrast=\"auto\">. <\/span>Grupo Construc\u00eda, por cuarto a\u00f1o consecutivo, organiza el foro centrado en la evoluci\u00f3n del entorno construido hacia un modelo compatible con los l\u00edmites del planeta.\u00a0<\/p><p>Paralelamente, la <a href=\"https:\/\/www.catedraconstruciaupc.com\/\">C\u00e1tedra UPC-Grupo Construc\u00eda<\/a> de econom\u00eda circular aplicada a la construcci\u00f3n, desarrolla y premia el talento desde hace tres a\u00f1os en una jornada que busca informar sobre los proyectos de investigaci\u00f3n m\u00e1s innovadores.<\/p><p>\u00a0<\/p><p>Este a\u00f1o, ambas entidades trabajan conjuntamente de la mano de la <a href=\"https:\/\/www.diba.cat\/es\/\">Diputaci\u00f3 de Barcelona<\/a> en el <a href=\"https:\/\/www.eventbrite.com\/e\/entradas-iv-circular-construction-summit-upc-grupo-construcia-928996071257?aff=oddtdtcreator\">IV Foro de Construcci\u00f3n Circular<\/a>, que se expande internacionalmente con la voluntad de integrar conocimiento, innovaci\u00f3n y pr\u00e1cticas que recogen lo mejor de las dos propuestas y se abre a la participaci\u00f3n de los actores clave para el cambio real del sector.<\/p><p><strong>Sabemos que la cooperaci\u00f3n es la clave para el cambio que necesitamos.<\/strong><\/p><p><strong>\u00a0<\/strong><\/p><h3><b><span data-contrast=\"auto\">Debates con perfiles diversos, con profundidad t\u00e9cnica y casos pr\u00e1cticos<\/span><\/b><\/h3><p><strong>Gesti\u00f3n del carbono:<\/strong> debatiremos c\u00f3mo abordar el ciclo completo del carbono en la construcci\u00f3n, considerando todas sus etapas en el ciclo de vida de los edificios. Nos centraremos en el alcance 3 y compartiremos experiencias del sector, uno de los pilares en la descarbonizaci\u00f3n global.\u00a0<\/p><p><strong>Construcci\u00f3n, salud y biodiversidad<\/strong>: abordaremos la interrelaci\u00f3n entre la salud humana y la biodiversidad, clave para la sostenibilidad de los ecosistemas. A trav\u00e9s de diversas experiencias, analizaremos c\u00f3mo la construcci\u00f3n impacta desde la salud f\u00edsica hasta la emocional, promoviendo un enfoque hol\u00edstico de bienestar.\u00a0<\/p><p><strong>Edificios como Bancos de Materiales<\/strong>: \u00bfCu\u00e1l<span class=\"TextRun SCXW137501187 BCX8\" lang=\"ES-ES\" xml:lang=\"ES-ES\" data-contrast=\"none\"><span class=\"NormalTextRun SCXW137501187 BCX8\">\u00a0es el camino para activar una miner\u00eda urbana eficiente? Estrategias, herramientas, <\/span><span class=\"NormalTextRun SCXW137501187 BCX8\">ejemplos reales de pr\u00e1cticas exitosas y las que no lo son tanto.<\/span><\/span><\/p><p><strong>Digitalizaci\u00f3n y electrificaci\u00f3n en un planeta de recursos limitados:<\/strong> \u00bfSon compatibles la digitalizaci\u00f3n y electrificaci\u00f3n masivas con los l\u00edmites del planeta? Una mirada desde el sistema urbano a la gesti\u00f3n de la informaci\u00f3n y los cambios en la sociedad relacionados con esta transici\u00f3n clave.<\/p><p>\u00a0<\/p><p><span style=\"color: rgba(0, 0, 0, 0.9); font-family: -apple-system, system-ui, BlinkMacSystemFont, 'Segoe UI', Roboto, 'Helvetica Neue', 'Fira Sans', Ubuntu, Oxygen, 'Oxygen Sans', Cantarell, 'Droid Sans', 'Apple Color Emoji', 'Segoe UI Emoji', 'Segoe UI Emoji', 'Segoe UI Symbol', 'Lucida Grande', Helvetica, Arial, sans-serif; font-size: 14px; font-style: normal; font-variant-ligatures: normal; font-variant-caps: normal; font-weight: 400;\">E<\/span>ste a\u00f1o, adem\u00e1s, junto con el <a href=\"https:\/\/c2ccertified.org\/\">Cradle to Cradle Products Innovation Institute<\/a>, crearemos el primer espacio en Espa\u00f1a para productos Cradle to Cradle Certified<span style=\"color: #202124; font-family: 'Google Sans', Arial, sans-serif; font-size: 20px; font-style: normal; font-variant-ligatures: normal; font-variant-caps: normal; font-weight: 400; letter-spacing: 0px;\">\u00ae<\/span><span style=\"letter-spacing: 0px;\">, impulsando el uso de materiales que contribuyen de forma efectiva al cambio de modelo en la construcci\u00f3n.<\/span><\/p>\t\t\t\t\t\t\t\t<\/div>\n\t\t\t\t<\/div>\n\t\t\t\t\t<\/div>\n\t\t<\/div>\n\t\t\t\t\t<\/div>\n\t\t<\/section>\n\t\t\t\t<section class=\"elementor-section elementor-top-section elementor-element elementor-element-7c1d690 elementor-section-boxed elementor-section-height-default elementor-section-height-default\" data-id=\"7c1d690\" data-element_type=\"section\" data-e-type=\"section\">\n\t\t\t\t\t\t<div class=\"elementor-container elementor-column-gap-default\">\n\t\t\t\t\t<div class=\"elementor-column elementor-col-100 elementor-top-column elementor-element elementor-element-6e9b943\" data-id=\"6e9b943\" data-element_type=\"column\" data-e-type=\"column\">\n\t\t\t<div class=\"elementor-widget-wrap elementor-element-populated\">\n\t\t\t\t\t\t<div class=\"elementor-element elementor-element-f7554ab elementor-button-success elementor-align-center elementor-widget elementor-widget-button\" data-id=\"f7554ab\" data-element_type=\"widget\" data-e-type=\"widget\" data-widget_type=\"button.default\">\n\t\t\t\t<div class=\"elementor-widget-container\">\n\t\t\t\t\t\t\t\t\t<div class=\"elementor-button-wrapper\">\n\t\t\t\t\t<a class=\"elementor-button elementor-button-link elementor-size-md\" href=\"https:\/\/www.eventbrite.com\/e\/entradas-iv-circular-construction-summit-upc-grupo-construcia-928996071257?aff=oddtdtcreator\" id=\"EntradaIVForoCC\">\n\t\t\t\t\t\t<span class=\"elementor-button-content-wrapper\">\n\t\t\t\t\t\t\t\t\t<span class=\"elementor-button-text\">\u00a1Adquiere tu entrada!<\/span>\n\t\t\t\t\t<\/span>\n\t\t\t\t\t<\/a>\n\t\t\t\t<\/div>\n\t\t\t\t\t\t\t\t<\/div>\n\t\t\t\t<\/div>\n\t\t\t\t\t<\/div>\n\t\t<\/div>\n\t\t\t\t\t<\/div>\n\t\t<\/section>\n\t\t\t\t<section class=\"elementor-section elementor-top-section elementor-element elementor-element-1d4194e elementor-section-boxed elementor-section-height-default elementor-section-height-default\" data-id=\"1d4194e\" data-element_type=\"section\" data-e-type=\"section\">\n\t\t\t\t\t\t<div class=\"elementor-container elementor-column-gap-default\">\n\t\t\t\t\t<div class=\"elementor-column elementor-col-100 elementor-top-column elementor-element elementor-element-a83960c\" data-id=\"a83960c\" data-element_type=\"column\" data-e-type=\"column\">\n\t\t\t<div class=\"elementor-widget-wrap elementor-element-populated\">\n\t\t\t\t\t\t<div class=\"elementor-element elementor-element-349f3bd elementor-widget elementor-widget-text-editor\" data-id=\"349f3bd\" data-element_type=\"widget\" data-e-type=\"widget\" data-widget_type=\"text-editor.default\">\n\t\t\t\t<div class=\"elementor-widget-container\">\n\t\t\t\t\t\t\t\t\t<h3>Otras opciones de participaci\u00f3n<\/h3><p>Si quieres participar como patrocinador o formar parte del espacio Cradle to Cradle Certified<span style=\"color: #202124; font-family: 'Google Sans', Arial, sans-serif; font-size: 20px; font-style: normal; font-variant-ligatures: normal; font-variant-caps: normal; font-weight: 400; letter-spacing: 0px;\">\u00ae<\/span><span style=\"letter-spacing: 0px;\">*, ponte en contacto con <\/span><span style=\"letter-spacing: 0px; text-decoration-line: underline;\">Comunicacion@GrupoConstrucia.com.<\/span><\/p><p>\u00a0<\/p><p>*Exclusivo para compa\u00f1\u00edas con productos certificados por el C2CPII.\u00a0<\/p>\t\t\t\t\t\t\t\t<\/div>\n\t\t\t\t<\/div>\n\t\t\t\t\t<\/div>\n\t\t<\/div>\n\t\t\t\t\t<\/div>\n\t\t<\/section>\n\t\t\t\t<\/div>\n\t\t","protected":false},"excerpt":{"rendered":"<p>El IV Foro de Construcci\u00f3n Circular, organizado por el Hub de Econom\u00eda Circular de la C\u00e1tedra UPC-Grupo Construc\u00eda, se celebrar\u00e1 el pr\u00f3ximo 29 de noviembre de 2024 en el Auditorio de La Pedrera, Barcelona. Bajo el t\u00edtulo \u00abLiving in a Material World. Enabling Systemic Action\u00bb, este evento abordar\u00e1 innovaciones y estrategias para un entorno construido sostenible y circular. No te pierdas la oportunidad de unirte a l\u00edderes y expertos en econom\u00eda circular y sostenibilidad. \u00a1Reserva la fecha y participa en este foro de referencia en el sur de Europa! <\/p>\n","protected":false},"author":13,"featured_media":3477,"comment_status":"open","ping_status":"closed","sticky":false,"template":"","format":"standard","meta":{"_acf_changed":false,"footnotes":"","_links_to":"","_links_to_target":""},"categories":[40,34,39,43],"tags":[],"class_list":["post-3460","post","type-post","status-publish","format-standard","has-post-thumbnail","hentry","category-colaboracion","category-construccion","category-construccion-circular","category-economia-circular"],"acf":[],"_links":{"self":[{"href":"https:\/\/www.grupoconstrucia.com\/index.php\/wp-json\/wp\/v2\/posts\/3460","targetHints":{"allow":["GET"]}}],"collection":[{"href":"https:\/\/www.grupoconstrucia.com\/index.php\/wp-json\/wp\/v2\/posts"}],"about":[{"href":"https:\/\/www.grupoconstrucia.com\/index.php\/wp-json\/wp\/v2\/types\/post"}],"author":[{"embeddable":true,"href":"https:\/\/www.grupoconstrucia.com\/index.php\/wp-json\/wp\/v2\/users\/13"}],"replies":[{"embeddable":true,"href":"https:\/\/www.grupoconstrucia.com\/index.php\/wp-json\/wp\/v2\/comments?post=3460"}],"version-history":[{"count":21,"href":"https:\/\/www.grupoconstrucia.com\/index.php\/wp-json\/wp\/v2\/posts\/3460\/revisions"}],"predecessor-version":[{"id":4084,"href":"https:\/\/www.grupoconstrucia.com\/index.php\/wp-json\/wp\/v2\/posts\/3460\/revisions\/4084"}],"wp:featuredmedia":[{"embeddable":true,"href":"https:\/\/www.grupoconstrucia.com\/index.php\/wp-json\/wp\/v2\/media\/3477"}],"wp:attachment":[{"href":"https:\/\/www.grupoconstrucia.com\/index.php\/wp-json\/wp\/v2\/media?parent=3460"}],"wp:term":[{"taxonomy":"category","embeddable":true,"href":"https:\/\/www.grupoconstrucia.com\/index.php\/wp-json\/wp\/v2\/categories?post=3460"},{"taxonomy":"post_tag","embeddable":true,"href":"https:\/\/www.grupoconstrucia.com\/index.php\/wp-json\/wp\/v2\/tags?post=3460"}],"curies":[{"name":"wp","href":"https:\/\/api.w.org\/{rel}","templated":true}]}}