{"id":5213,"date":"2024-11-12T11:18:05","date_gmt":"2024-11-12T11:18:05","guid":{"rendered":"https:\/\/www.grupoconstrucia.com\/?p=5213"},"modified":"2024-11-12T11:19:14","modified_gmt":"2024-11-12T11:19:14","slug":"el-iv-foro-de-construccion-circular-se-celebrara-en-barcelona-para-abordar-los-desafios-del-entorno-construido-a-nivel-internacional","status":"publish","type":"post","link":"https:\/\/www.grupoconstrucia.com\/index.php\/el-iv-foro-de-construccion-circular-se-celebrara-en-barcelona-para-abordar-los-desafios-del-entorno-construido-a-nivel-internacional\/","title":{"rendered":"El IV Foro de Construcci\u00f3n Circular se celebrar\u00e1 en Barcelona para abordar los desaf\u00edos del entorno construido a nivel internacional"},"content":{"rendered":"\t\t<div data-elementor-type=\"wp-post\" data-elementor-id=\"5213\" class=\"elementor elementor-5213\">\n\t\t\t\t\t\t<section class=\"elementor-section elementor-top-section elementor-element elementor-element-6749fccf elementor-section-boxed elementor-section-height-default elementor-section-height-default\" data-id=\"6749fccf\" data-element_type=\"section\" data-e-type=\"section\">\n\t\t\t\t\t\t<div class=\"elementor-container elementor-column-gap-default\">\n\t\t\t\t\t<div class=\"elementor-column elementor-col-100 elementor-top-column elementor-element elementor-element-987a585\" data-id=\"987a585\" data-element_type=\"column\" data-e-type=\"column\">\n\t\t\t<div class=\"elementor-widget-wrap elementor-element-populated\">\n\t\t\t\t\t\t<div class=\"elementor-element elementor-element-621b4d5f elementor-widget elementor-widget-text-editor\" data-id=\"621b4d5f\" data-element_type=\"widget\" data-e-type=\"widget\" data-widget_type=\"text-editor.default\">\n\t\t\t\t<div class=\"elementor-widget-container\">\n\t\t\t\t\t\t\t\t\t<ul><li>La <a href=\"https:\/\/www.catedraconstruciaupc.com\/\">C\u00e1tedra UPC-Grupo Construc\u00eda<\/a> y la <a href=\"https:\/\/www.diba.cat\/es\/\">Diputaci\u00f3 de Barcelona<\/a> lideran este foro internacional con la participaci\u00f3n de expertos de todo el mundo.<\/li><\/ul><p>\u00a0<\/p><ul><li>El evento tendr\u00e1 lugar en el emblem\u00e1tico edificio de La Pedrera, en Barcelona, el pr\u00f3ximo 29 de noviembre de 2024.<\/li><\/ul><p>\u00a0<\/p><ul><li>El evento contar\u00e1 con el primer espacio en Espa\u00f1a dedicado a materiales Cradle to Cradle Certified\u00ae.<\/li><\/ul>\t\t\t\t\t\t\t\t<\/div>\n\t\t\t\t<\/div>\n\t\t\t\t<div class=\"elementor-element elementor-element-ec17efb elementor-widget elementor-widget-text-editor\" data-id=\"ec17efb\" data-element_type=\"widget\" data-e-type=\"widget\" data-widget_type=\"text-editor.default\">\n\t\t\t\t<div class=\"elementor-widget-container\">\n\t\t\t\t\t\t\t\t\t<p>La C\u00e1tedra UPC-Grupo Construc\u00eda y la Diputaci\u00f3 de Barcelona presentan el IV Foro de Construcci\u00f3n Circular bajo el lema <strong>\u201cLiving in a Material World. Enabling Systemic Action\u201d<\/strong> (Vivimos en un mundo material. Hagamos posible la acci\u00f3n sist\u00e9mica).<\/p><p>Este evento se convierte en una plataforma de debate para promover la transformaci\u00f3n del sector de la construcci\u00f3n hacia un modelo alineado con los principios de la econom\u00eda circular, orientado a ser una fuerza positiva para las personas, y el gran sistema del que somos parte: nuestro planeta.<\/p><h3><strong>Un evento internacional con actores clave del sector<\/strong><\/h3><p>En su cuarta edici\u00f3n, el foro se abre a toda la comunidad internacional, organizado por la C\u00e1tedra UPC-Grupo Construc\u00eda, Hub de Econom\u00eda Circular en la Construcci\u00f3n, con el apoyo de la Diputaci\u00f3 de Barcelona. El evento se celebrar\u00e1 de manera presencial en el ic\u00f3nico edificio del arquitecto Antoni Gaud\u00ed, Casa Mil\u00e0 \u201cLa Pedrera\u201d, y contar\u00e1 con la participaci\u00f3n de grandes referentes de la industria, entidades y expertos que compartir\u00e1n su conocimiento y perspectiva sobre algunos de los temas m\u00e1s relevantes en lo que se refiere al papel del sector inmobiliario y la construcci\u00f3n en los desaf\u00edos clim\u00e1ticos y sociales.<\/p><p>Entre los patrocinadores de esta edici\u00f3n se encuentran empresas que lideran la innovaci\u00f3n en sostenibilidad: <a href=\"https:\/\/www.holcim.es\/\" target=\"_blank\" rel=\"noopener\"><strong>Holcim<\/strong><\/a>, que asume el desaf\u00edo de descarbonizar uno de los productos de mayor impacto, el hormig\u00f3n; e <a href=\"https:\/\/www.interface.com\/EU\/es-ES\/\" target=\"_blank\" rel=\"noopener\"><strong>Interface<\/strong><\/a>, que lleva a\u00f1os marcando el camino en el desarrollo de revestimientos sostenibles para suelos.<\/p><p>Tambi\u00e9n se suma como colaborador especial el \u00a0<a href=\"https:\/\/c2ccertified.org\/\">Cradle to Cradle Products Innovation Institute<\/a>\u00a0(C2CPII), que trae a Barcelona el evento anual de la C2C Community y participa activamente en el Foro, ofreciendo la perspectiva del producto como facilitador del cambio hacia una construcci\u00f3n saludable y eficiente en el uso y gesti\u00f3n de recursos.<\/p><h3><strong>C2C Certified\u00ae Products Program: productos para la construcci\u00f3n circular<\/strong><\/h3><p>Una de las grandes novedades de esta edici\u00f3n es la creaci\u00f3n del primer espacio en Espa\u00f1a dedicado a la exposici\u00f3n de productos <strong>Cradle to Cradle Certified\u00ae<\/strong>. Este reconocido sello internacional, con m\u00e1s de 20 a\u00f1os de historia, certifica materiales que promueven soluciones sostenibles y circulares. Los asistentes al foro tendr\u00e1n la oportunidad de conocer de primera mano algunos productos destacados, interactuar con sus fabricantes y con <strong><a href=\"https:\/\/ecointelligentgrowth.net\/\" target=\"_blank\" rel=\"noopener\">Eco Intelligent Growth<\/a>,<\/strong> el asesor acreditado para la Pen\u00ednsula Ib\u00e9rica. Este espacio permitir\u00e1 comprender c\u00f3mo estos materiales contribuyen a la econom\u00eda circular y al futuro sostenible del sector.<\/p><h3><strong>Tem\u00e1ticas relevantes para el futuro de la construcci\u00f3n<\/strong><\/h3><p>La agenda del <a href=\"https:\/\/www.grupoconstrucia.com\/index.php\/iv-circular-construction-summit\/?lang=en\" target=\"_blank\" rel=\"noopener\"><strong>IV Foro de Construcci\u00f3n Circular<\/strong><\/a> est\u00e1 dise\u00f1ada para abordar los temas m\u00e1s relevantes y desafiantes para el futuro del sector, estructurada en mesas de debate como:<\/p><p>\u00a0<\/p><ul><li><strong>Edificios como bancos de materiales:<\/strong> estrategias para convertir los edificios en fuentes sostenibles de recursos materiales, incluyendo an\u00e1lisis de casos de \u00e9xito y aprendizajes clave.<\/li><li><strong>Gesti\u00f3n activa del carbono:<\/strong> enfoque en la reducci\u00f3n, almacenamiento y captura del carbono a lo largo del ciclo de vida completo de los edificios, con \u00e9nfasis en las emisiones de alcance 3.<\/li><li><strong>Electrificaci\u00f3n y digitalizaci\u00f3n en un planeta de recursos limitados:<\/strong> reflexi\u00f3n sobre la viabilidad y sostenibilidad de la electrificaci\u00f3n y digitalizaci\u00f3n en un contexto de recursos finitos.<\/li><li><strong>Construcci\u00f3n, salud y biodiversidad:<\/strong> debate sobre el impacto de la construcci\u00f3n en la salud humana y los ecosistemas, promoviendo un enfoque integral que considere la interdependencia de todos los seres vivos.<\/li><\/ul><p>Asimismo, de la mano de la historiadora, investigadora y profesora em\u00e9rita de la UB, Mireia Freixa, los asistentes podr\u00e1n disfrutar disfrutar de la perspectiva hist\u00f3rica y las ra\u00edces de la construcci\u00f3n circular ya presentes en el modernismo catal\u00e1n, con el marco de La Pedrera como ejemplo pr\u00e1ctico.<\/p><h3><strong>Panelistas confirmados<\/strong><\/h3><p>El evento contar\u00e1 con un destacado panel de ponentes nacionales e internacionales, incluyendo:<\/p><ul><li><strong>Tom\u00e1s Molina<\/strong>, Delegado para el Cambio Clim\u00e1tico, Parlamento de la Uni\u00f3n Europea.<\/li><li><strong>Thomas Van Oppens<\/strong>, Teniente de Alcalde de Lovaina, B\u00e9lgica.<\/li><li><strong>Julia Okatz<\/strong>, Directora, Systemiq.<\/li><li><strong>Mariano Garc\u00eda<\/strong>, Director de Sostenibilidad, Holcim.<\/li><li><strong>Mireia Freixa<\/strong>, Profesora Em\u00e9rita de Historia del Arte, Universitat de Barcelona.<\/li><li><strong>Elwyn Grainger-Jones<\/strong>, Director Ejecutivo, Cradle to Cradle Products Innovation Institute.<\/li><\/ul><p>Tambi\u00e9n participar\u00e1n expertos como <strong>Areti Markopoulou<\/strong> (Directora Acad\u00e9mica, IAAC), <strong>C\u00e1stor Gonz\u00e1lez<\/strong> (CEO, Circular Capital \u2013 Grupo Construc\u00eda), <strong>Ignasi Cubi\u00f1\u00e1<\/strong> (CSO &amp; Partner, Grupo Construc\u00eda), <strong>Victor Moure<\/strong> (VP Power Products &amp; Digital Energy Iberia, Schneider Electric), y otros l\u00edderes del sector.<\/p><p>\u00a0<\/p>\t\t\t\t\t\t\t\t<\/div>\n\t\t\t\t<\/div>\n\t\t\t\t\t<\/div>\n\t\t<\/div>\n\t\t\t\t\t<\/div>\n\t\t<\/section>\n\t\t\t\t<section class=\"elementor-section elementor-top-section elementor-element elementor-element-1d4194e elementor-section-boxed elementor-section-height-default elementor-section-height-default\" data-id=\"1d4194e\" data-element_type=\"section\" data-e-type=\"section\">\n\t\t\t\t\t\t<div class=\"elementor-container elementor-column-gap-default\">\n\t\t\t\t\t<div class=\"elementor-column elementor-col-100 elementor-top-column elementor-element elementor-element-a83960c\" data-id=\"a83960c\" data-element_type=\"column\" data-e-type=\"column\">\n\t\t\t<div class=\"elementor-widget-wrap elementor-element-populated\">\n\t\t\t\t\t\t<div class=\"elementor-element elementor-element-349f3bd elementor-widget elementor-widget-text-editor\" data-id=\"349f3bd\" data-element_type=\"widget\" data-e-type=\"widget\" data-widget_type=\"text-editor.default\">\n\t\t\t\t<div class=\"elementor-widget-container\">\n\t\t\t\t\t\t\t\t\t<h3><strong>Inscripciones abiertas y m\u00e1s Informaci\u00f3n<\/strong><\/h3><p>La jornada se celebrar\u00e1 en <strong>La Pedrera<\/strong>, el <strong>29 de noviembre de 2024<\/strong>. Las inscripciones est\u00e1n abiertas hasta completar aforo a trav\u00e9s de la p\u00e1gina web oficial del Grupo Construc\u00eda en <a href=\"https:\/\/www.grupoconstrucia.com\"><strong>https:\/\/www.grupoconstrucia.com<\/strong><\/a><strong>.<\/strong><\/p>\t\t\t\t\t\t\t\t<\/div>\n\t\t\t\t<\/div>\n\t\t\t\t<div class=\"elementor-element elementor-element-c14dde4 elementor-widget elementor-widget-spacer\" data-id=\"c14dde4\" data-element_type=\"widget\" data-e-type=\"widget\" data-widget_type=\"spacer.default\">\n\t\t\t\t<div class=\"elementor-widget-container\">\n\t\t\t\t\t\t\t<div class=\"elementor-spacer\">\n\t\t\t<div class=\"elementor-spacer-inner\"><\/div>\n\t\t<\/div>\n\t\t\t\t\t\t<\/div>\n\t\t\t\t<\/div>\n\t\t\t\t<div class=\"elementor-element elementor-element-f7554ab elementor-button-success elementor-align-center elementor-widget elementor-widget-button\" data-id=\"f7554ab\" data-element_type=\"widget\" data-e-type=\"widget\" data-widget_type=\"button.default\">\n\t\t\t\t<div class=\"elementor-widget-container\">\n\t\t\t\t\t\t\t\t\t<div class=\"elementor-button-wrapper\">\n\t\t\t\t\t<a class=\"elementor-button elementor-button-link elementor-size-md\" href=\"https:\/\/www.eventbrite.com\/e\/entradas-iv-circular-construction-summit-upc-grupo-construcia-928996071257?aff=oddtdtcreator\" id=\"EntradaIVForoCC\">\n\t\t\t\t\t\t<span class=\"elementor-button-content-wrapper\">\n\t\t\t\t\t\t\t\t\t<span class=\"elementor-button-text\">\u00a1Adquiere tu entrada!<\/span>\n\t\t\t\t\t<\/span>\n\t\t\t\t\t<\/a>\n\t\t\t\t<\/div>\n\t\t\t\t\t\t\t\t<\/div>\n\t\t\t\t<\/div>\n\t\t\t\t<div class=\"elementor-element elementor-element-d9de189 elementor-widget elementor-widget-spacer\" data-id=\"d9de189\" data-element_type=\"widget\" data-e-type=\"widget\" data-widget_type=\"spacer.default\">\n\t\t\t\t<div class=\"elementor-widget-container\">\n\t\t\t\t\t\t\t<div class=\"elementor-spacer\">\n\t\t\t<div class=\"elementor-spacer-inner\"><\/div>\n\t\t<\/div>\n\t\t\t\t\t\t<\/div>\n\t\t\t\t<\/div>\n\t\t\t\t<div class=\"elementor-element elementor-element-1800402 elementor-widget elementor-widget-text-editor\" data-id=\"1800402\" data-element_type=\"widget\" data-e-type=\"widget\" data-widget_type=\"text-editor.default\">\n\t\t\t\t<div class=\"elementor-widget-container\">\n\t\t\t\t\t\t\t\t\t<h3>Otras opciones de participaci\u00f3n<\/h3><p>Si quieres participar como patrocinador o formar parte del espacio Cradle to Cradle Certified<span style=\"color: #202124; font-family: 'Google Sans', Arial, sans-serif; font-size: 20px; font-style: normal; font-variant-ligatures: normal; font-variant-caps: normal; font-weight: 400; letter-spacing: 0px;\">\u00ae<\/span><span style=\"letter-spacing: 0px;\">*, ponte en contacto con <\/span><span style=\"letter-spacing: 0px; text-decoration-line: underline;\">Comunicacion@GrupoConstrucia.com.<\/span><\/p><p>*Exclusivo para compa\u00f1\u00edas con productos certificados por el C2CPII.\u00a0<\/p>\t\t\t\t\t\t\t\t<\/div>\n\t\t\t\t<\/div>\n\t\t\t\t\t<\/div>\n\t\t<\/div>\n\t\t\t\t\t<\/div>\n\t\t<\/section>\n\t\t\t\t<section class=\"elementor-section elementor-top-section elementor-element elementor-element-7c1d690 elementor-section-boxed elementor-section-height-default elementor-section-height-default\" data-id=\"7c1d690\" data-element_type=\"section\" data-e-type=\"section\">\n\t\t\t\t\t\t<div class=\"elementor-container elementor-column-gap-default\">\n\t\t\t\t\t<div class=\"elementor-column elementor-col-100 elementor-top-column elementor-element elementor-element-6e9b943\" data-id=\"6e9b943\" data-element_type=\"column\" data-e-type=\"column\">\n\t\t\t<div class=\"elementor-widget-wrap\">\n\t\t\t\t\t\t\t<\/div>\n\t\t<\/div>\n\t\t\t\t\t<\/div>\n\t\t<\/section>\n\t\t\t\t<\/div>\n\t\t","protected":false},"excerpt":{"rendered":"<p>El IV Foro de Construcci\u00f3n Circular, organizado por el Hub de Econom\u00eda Circular de la C\u00e1tedra UPC-Grupo Construc\u00eda, se celebrar\u00e1 el pr\u00f3ximo 29 de noviembre de 2024 en el Auditorio de La Pedrera, Barcelona. Bajo el t\u00edtulo \u00abLiving in a Material World. Enabling Systemic Action\u00bb, este evento abordar\u00e1 innovaciones y estrategias para un entorno construido sostenible y circular. No te pierdas la oportunidad de unirte a l\u00edderes y expertos en econom\u00eda circular y sostenibilidad. \u00a1Reserva la fecha y participa en este foro de referencia en el sur de Europa! <\/p>\n","protected":false},"author":12,"featured_media":4190,"comment_status":"open","ping_status":"closed","sticky":false,"template":"","format":"standard","meta":{"_acf_changed":false,"footnotes":"","_links_to":"","_links_to_target":""},"categories":[40,34,39,43],"tags":[],"class_list":["post-5213","post","type-post","status-publish","format-standard","has-post-thumbnail","hentry","category-colaboracion","category-construccion","category-construccion-circular","category-economia-circular"],"acf":[],"_links":{"self":[{"href":"https:\/\/www.grupoconstrucia.com\/index.php\/wp-json\/wp\/v2\/posts\/5213","targetHints":{"allow":["GET"]}}],"collection":[{"href":"https:\/\/www.grupoconstrucia.com\/index.php\/wp-json\/wp\/v2\/posts"}],"about":[{"href":"https:\/\/www.grupoconstrucia.com\/index.php\/wp-json\/wp\/v2\/types\/post"}],"author":[{"embeddable":true,"href":"https:\/\/www.grupoconstrucia.com\/index.php\/wp-json\/wp\/v2\/users\/12"}],"replies":[{"embeddable":true,"href":"https:\/\/www.grupoconstrucia.com\/index.php\/wp-json\/wp\/v2\/comments?post=5213"}],"version-history":[{"count":10,"href":"https:\/\/www.grupoconstrucia.com\/index.php\/wp-json\/wp\/v2\/posts\/5213\/revisions"}],"predecessor-version":[{"id":5241,"href":"https:\/\/www.grupoconstrucia.com\/index.php\/wp-json\/wp\/v2\/posts\/5213\/revisions\/5241"}],"wp:featuredmedia":[{"embeddable":true,"href":"https:\/\/www.grupoconstrucia.com\/index.php\/wp-json\/wp\/v2\/media\/4190"}],"wp:attachment":[{"href":"https:\/\/www.grupoconstrucia.com\/index.php\/wp-json\/wp\/v2\/media?parent=5213"}],"wp:term":[{"taxonomy":"category","embeddable":true,"href":"https:\/\/www.grupoconstrucia.com\/index.php\/wp-json\/wp\/v2\/categories?post=5213"},{"taxonomy":"post_tag","embeddable":true,"href":"https:\/\/www.grupoconstrucia.com\/index.php\/wp-json\/wp\/v2\/tags?post=5213"}],"curies":[{"name":"wp","href":"https:\/\/api.w.org\/{rel}","templated":true}]}}