{"id":5246,"date":"2024-11-14T08:08:15","date_gmt":"2024-11-14T08:08:15","guid":{"rendered":"https:\/\/www.grupoconstrucia.com\/?p=5246"},"modified":"2024-11-14T08:10:11","modified_gmt":"2024-11-14T08:10:11","slug":"la-diputacio-de-barcelona-se-suma-al-iv-foro-de-construccion-circular","status":"publish","type":"post","link":"https:\/\/www.grupoconstrucia.com\/index.php\/la-diputacio-de-barcelona-se-suma-al-iv-foro-de-construccion-circular\/","title":{"rendered":"La Diputaci\u00f3 de Barcelona se suma al IV Foro de Construcci\u00f3n Circular"},"content":{"rendered":"<ul>\n<li><strong>La Diputaci\u00f3 de Barcelona se suma como coorganizadora del evento promovido por la C\u00e1tedra UPC-Grupo Construc\u00eda, reforzando su compromiso por la construcci\u00f3n sostenible.<\/strong><\/li>\n<li><strong>Eloi Juvill\u00e0, director del \u00c1rea de Edificaci\u00f3n y Log\u00edstica, presentar\u00e1 el proyecto \u201cLa Industrial +\u201d, que transformar\u00e1 el complejo modernista de la Izquierda del Ensanche en un paradigma de urbanismo positivo para las personas y el medioambiente.<\/strong><\/li>\n<\/ul>\n<p><strong>\u00a0<\/strong><\/p>\n<p>El IV Foro de Construcci\u00f3n Circular, organizado por la <a href=\"https:\/\/www.catedraconstruciaupc.com\/\" target=\"_blank\" rel=\"noopener\">C\u00e1tedra UPC<\/a>&#8211; <a href=\"https:\/\/www.grupoconstrucia.com\/\">Grupo Construc\u00eda<\/a>, en colaboraci\u00f3n con la<a href=\"https:\/\/www.diba.cat\/es\/\" target=\"_blank\" rel=\"noopener\"> Diputaci\u00f3 de Barcelona (DiBa)<\/a> y el <a href=\"https:\/\/c2ccertified.org\/\" target=\"_blank\" rel=\"noopener\">Cradle to Cradle Product Innovation Institute (C2CPII)<\/a>, tendr\u00e1 lugar el pr\u00f3ximo 29 de noviembre en Barcelona, consolid\u00e1ndose como un espacio internacional de referencia para arquitectos, ingenieros y empresarios de todo el mundo, comprometidos con la <strong>transformaci\u00f3n del sector de la construcci\u00f3n en un motor para el cambio hacia una econom\u00eda circular regenerativa<\/strong>. Este evento busca promover el intercambio de conocimientos y soluciones innovadoras que aborden los desaf\u00edos medioambientales y sociales que enfrenta la industria.<\/p>\n<p>Uno de los momentos clave del Foro ser\u00e1 la presentaci\u00f3n del proyecto urban\u00edstico \u00ab<a href=\"https:\/\/www.diba.cat\/es\/web\/la-industrial\" target=\"_blank\" rel=\"noopener\">La Industrial +<\/a>\u00ab, liderado por la Diputaci\u00f3 de Barcelona. Este ambicioso plan, presentado por <a href=\"https:\/\/www.diba.cat\/es\/web\/ladiputacio\/eloi-juvilla-ballester\" target=\"_blank\" rel=\"noopener\">Eloi Juvill\u00e0, director de Edificaci\u00f3n y Log\u00edstica de la Diputaci\u00f3<\/a>, busca \u201creimaginar el hist\u00f3rico recinto de la Escuela Industrial\u201d.<\/p>\n<p>\u00abLa Industrial +\u00bb transformar\u00e1 cuatro manzanas del Eixample en un polo de innovaci\u00f3n y sostenibilidad, abierto a la ciudadan\u00eda y dedicado al conocimiento, integrando naturaleza y desarrollo urbano.<\/p>\n<p>El proyecto se centra en la rehabilitaci\u00f3n del patrimonio modernista y la creaci\u00f3n de nuevos espacios que fomenten la innovaci\u00f3n cient\u00edfica y social, manteniendo su funci\u00f3n educativa y deportiva. Adem\u00e1s, busca mejorar la relaci\u00f3n del recinto con el entorno, a\u00f1adiendo 16.000 m\u00b2 de \u00e1reas verdes que contribuir\u00e1n a la adaptaci\u00f3n clim\u00e1tica de la ciudad y a la mejora de la calidad de vida de sus habitantes.<\/p>\n<p>&nbsp;<\/p>\n<p><strong>El IV Foro de Construcci\u00f3n Circular: un espacio de reflexi\u00f3n y colaboraci\u00f3n <\/strong><\/p>\n<p>Adem\u00e1s de la presentaci\u00f3n de \u00abLa Industrial +\u00bb, el Foro incluir\u00e1 diversas mesas de debate sobre temas clave en la transici\u00f3n hacia una econom\u00eda circular en el entorno construido.<\/p>\n<p>Con la participaci\u00f3n de invitados internacionales de primer nivel, la conversaci\u00f3n europea se da cita en Barcelona, para avanzar en soluciones y fomentar la colaboraci\u00f3n entre los diferentes actores: la administraci\u00f3n p\u00fablica, la academia y la industria.<\/p>\n<p>Este a\u00f1o, el evento se abre a toda la comunidad y contar\u00e1 con la participaci\u00f3n de actores internacionales destacados de la industria, incluyendo empresas como Holcim e Interface, que se unen como patrocinadores, o el Cradle to Cradle Products Innovation Institute que albergar\u00e1 una sesi\u00f3n previa el jueves por la tarde y estar\u00e1 presente en la jornada central junto a <a href=\"https:\/\/ecointelligentgrowth.net\/\" target=\"_blank\" rel=\"noopener\">Eco Intelligent Growth (EIG)<\/a>, a trav\u00e9s del espacio dedicado a productos certificados. Tambi\u00e9n participar\u00e1 como invitado especial Elwyn Grainger-Jones, presidente de la organizaci\u00f3n.<\/p>\n<p>Las entradas ya est\u00e1n disponibles para todos los interesados en conocer de primera mano estos proyectos y formar parte del debate global sobre la construcci\u00f3n circular y el futuro de nuestras ciudades a trav\u00e9s de <a href=\"http:\/\/www.GrupoConstrucia.com\">www.GrupoConstrucia.com<\/a><\/p>\n<p><img fetchpriority=\"high\" decoding=\"async\" class=\"alignnone size-medium\" src=\"https:\/\/www.grupoconstrucia.com\/wp-content\/uploads\/2024\/11\/banner-eventbrite.png\" width=\"2160\" height=\"1080\" \/><\/p>\n","protected":false},"excerpt":{"rendered":"<p>La Diputaci\u00f3 de Barcelona se suma como coorganizadora del evento promovido por la C\u00e1tedra UPC-Grupo Construc\u00eda, reforzando su compromiso por la construcci\u00f3n sostenible. Eloi Juvill\u00e0, director del \u00c1rea de Edificaci\u00f3n<span class=\"excerpt-hellip\"> [\u2026]<\/span><\/p>\n","protected":false},"author":12,"featured_media":5248,"comment_status":"open","ping_status":"closed","sticky":false,"template":"","format":"image","meta":{"_acf_changed":false,"footnotes":"","_links_to":"","_links_to_target":""},"categories":[40,39,43],"tags":[29,32],"class_list":["post-5246","post","type-post","status-publish","format-image","has-post-thumbnail","hentry","category-colaboracion","category-construccion-circular","category-economia-circular","tag-construccion-circular","tag-impacto-positivo","post_format-post-format-image"],"acf":[],"_links":{"self":[{"href":"https:\/\/www.grupoconstrucia.com\/index.php\/wp-json\/wp\/v2\/posts\/5246","targetHints":{"allow":["GET"]}}],"collection":[{"href":"https:\/\/www.grupoconstrucia.com\/index.php\/wp-json\/wp\/v2\/posts"}],"about":[{"href":"https:\/\/www.grupoconstrucia.com\/index.php\/wp-json\/wp\/v2\/types\/post"}],"author":[{"embeddable":true,"href":"https:\/\/www.grupoconstrucia.com\/index.php\/wp-json\/wp\/v2\/users\/12"}],"replies":[{"embeddable":true,"href":"https:\/\/www.grupoconstrucia.com\/index.php\/wp-json\/wp\/v2\/comments?post=5246"}],"version-history":[{"count":1,"href":"https:\/\/www.grupoconstrucia.com\/index.php\/wp-json\/wp\/v2\/posts\/5246\/revisions"}],"predecessor-version":[{"id":5253,"href":"https:\/\/www.grupoconstrucia.com\/index.php\/wp-json\/wp\/v2\/posts\/5246\/revisions\/5253"}],"wp:featuredmedia":[{"embeddable":true,"href":"https:\/\/www.grupoconstrucia.com\/index.php\/wp-json\/wp\/v2\/media\/5248"}],"wp:attachment":[{"href":"https:\/\/www.grupoconstrucia.com\/index.php\/wp-json\/wp\/v2\/media?parent=5246"}],"wp:term":[{"taxonomy":"category","embeddable":true,"href":"https:\/\/www.grupoconstrucia.com\/index.php\/wp-json\/wp\/v2\/categories?post=5246"},{"taxonomy":"post_tag","embeddable":true,"href":"https:\/\/www.grupoconstrucia.com\/index.php\/wp-json\/wp\/v2\/tags?post=5246"}],"curies":[{"name":"wp","href":"https:\/\/api.w.org\/{rel}","templated":true}]}}