{"id":5433,"date":"2024-11-24T17:49:58","date_gmt":"2024-11-24T17:49:58","guid":{"rendered":"https:\/\/www.grupoconstrucia.com\/?p=5433"},"modified":"2024-11-24T18:21:28","modified_gmt":"2024-11-24T18:21:28","slug":"la-construccion-circular-un-modelo-regenerativo-para-un-impacto-neto-positivo-por-ignasi-cubina","status":"publish","type":"post","link":"https:\/\/www.grupoconstrucia.com\/index.php\/la-construccion-circular-un-modelo-regenerativo-para-un-impacto-neto-positivo-por-ignasi-cubina\/","title":{"rendered":"La construcci\u00f3n circular: un modelo regenerativo para un impacto neto positivo por Ignasi Cubi\u00f1\u00e1"},"content":{"rendered":"\t\t<div data-elementor-type=\"wp-post\" data-elementor-id=\"5433\" class=\"elementor elementor-5433\">\n\t\t\t\t\t\t<section class=\"elementor-section elementor-top-section elementor-element elementor-element-6749fccf elementor-section-boxed elementor-section-height-default elementor-section-height-default\" data-id=\"6749fccf\" data-element_type=\"section\" data-e-type=\"section\">\n\t\t\t\t\t\t<div class=\"elementor-container elementor-column-gap-default\">\n\t\t\t\t\t<div class=\"elementor-column elementor-col-100 elementor-top-column elementor-element elementor-element-987a585\" data-id=\"987a585\" data-element_type=\"column\" data-e-type=\"column\">\n\t\t\t<div class=\"elementor-widget-wrap elementor-element-populated\">\n\t\t\t\t\t\t<div class=\"elementor-element elementor-element-ec17efb elementor-widget elementor-widget-text-editor\" data-id=\"ec17efb\" data-element_type=\"widget\" data-e-type=\"widget\" data-widget_type=\"text-editor.default\">\n\t\t\t\t<div class=\"elementor-widget-container\">\n\t\t\t\t\t\t\t\t\t<h4><strong>Por Ignasi Cubi\u00f1\u00e1, CSO y partner de Grupo Construc\u00eda.<\/strong><\/h4>\n<p><\/p>\n<p>No deja de ser ir\u00f3nico que, mientras el mundo centra su atenci\u00f3n en el el <strong>COP29<\/strong> de Bak\u00fa (Azerbay\u00e1n), donde l\u00edderes globales discuten c\u00f3mo enfrentar la policrisis ambiental, social y global, en el <a href=\"https:\/\/www.grupoconstrucia.com\/index.php\/iv-circular-construction-summit\/?lang=en\" target=\"_blank\" rel=\"noopener\">IV Foro de Construcci\u00f3n Circular<\/a>, en Barcelona, nos preparamos para proponer una soluci\u00f3n desde el sector de la construcci\u00f3n: <strong>un modelo basado en la Econom\u00eda Circular (EC) para generar regeneraci\u00f3n y equilibrio social.&nbsp;<\/strong><\/p>\n<p><\/p>\n<p>No se trata de una contraprogramaci\u00f3n intencionada. De hecho, no podemos competir contra el COP29 de Bak\u00fa. Se trata de articular una propuesta que aspira a la regeneraci\u00f3n y al Impacto Neto Positivo para el sector, y m\u00e1s importante, incluso, desde el sector.<\/p>\n<p><br><\/p>\n<p><\/p>\n<p>Desde hace 20 a\u00f1os, Grupo Construc\u00eda (primero, a trav\u00e9s de <a href=\"https:\/\/ecointelligentgrowth.net\/\" target=\"_blank\" rel=\"noopener\">Eco Intelligent Growth<\/a>) ha liderado esta visi\u00f3n transformadora inspirada en la filosof\u00eda del Cradle to Cradle. Ha implementando herramientas y metodolog\u00edas que colocan la Construcci\u00f3n Circular en en el centro de la sociedad m\u00e1s ajustada y equilibrada. Este enfoque no se limita a ser ambientalmente responsable; se plantea como un marco integral donde la sostenibilidad ambiental y social convergen.<\/p>\n<p><br><\/p>\n<p><\/p>\n<p><span style=\"letter-spacing: 0px;\">Para nuestro Grupo la idea de Suficiencia se basa en la implementaci\u00f3n de un modelo de Construcci\u00f3n Circular regenerativo por <\/span><strong style=\"letter-spacing: 0px;\">intenci\u00f3n, dise\u00f1o y gesti\u00f3n<\/strong><span style=\"letter-spacing: 0px;\">.&nbsp;<\/span><span style=\"font-family: Poppins, poppins; font-size: 17px; font-style: normal; font-variant-ligatures: normal; font-variant-caps: normal; font-weight: 400; letter-spacing: 0px;\">Hemos conseguido muchas cosas, pero no estamos satisfechos, y lo m\u00e1s importante sabemos que no es suficiente.<\/span><\/p>\n<p><br><\/p>\n<p><\/p>\n<p>El futuro de esta y otras industrias y de la sociedad que se articula a su alrededor, se construir\u00e1 sobre la imperiosa necesidad de pasar de un modelo extractivo y destructor de recursos materiales, energ\u00e9ticos y econ\u00f3micos, a un modelo no-extractivo, regenerativo, que aspire a generar un Impacto Neto Positivo, y que sobre todo est\u00e9 dispuesto a plantear un modelo de Sociedad m\u00e1s equilibrado y justo. <strong>La Construcci\u00f3n Circular ser\u00e1 social o no ser\u00e1.<\/strong><\/p>\n<p><strong><br><\/strong><\/p>\n<p><\/p>\n<p>La lucha contra el cambio clim\u00e1tico debe conciliarse e integrarse en otros ejes medioambientales y sociales. La eliminaci\u00f3n del &#8216;residuo&#8217; en todas sus modalidades, impacta en todos los vectores medioambientales y sociales, y es, probablemente, la estrategia de civilizaci\u00f3n m\u00e1s efectiva a la hora de permitir nuestra existencia y convivencia dentro de los l\u00edmites f\u00edsicos que nos impone el Planeta.<\/p>\n<p><br><\/p>\n<p><\/p>\n<p>Los nuevos modelos econ\u00f3micos y relacionales que propone la Construcci\u00f3n Circular, son todav\u00eda muy incipientes, pero son cada vez m\u00e1s necesarios y acuciantes. Pero este es un camino que s\u00f3lo podemos hacer juntos, con transparencia y generosidad, con creatividad y esperanza. No nos podemos dejar llevar por la desaz\u00f3n ni la desesperanza, no nos toca.<\/p>\n<p><br><\/p>\n<p><\/p>\n<p>Como dec\u00eda el poeta Joan Margarit, \u00abtot est\u00e0 per fer, i tot \u00e9s possible\u00bb (todo est\u00e1 por hacer y es posible).&nbsp;<\/p>\n<p><br><\/p>\n<p><\/p>\n<h4>Te esperamos en el IV Foro de Construcci\u00f3n Circular<\/h4>\n<p>Para abordar esta y otras reflexiones de la mano de Ignasi Cubi\u00f1\u00e1, quien nos acompa\u00f1ar\u00e1 como moderador en la mesa sobre Edificios como Bancos de Materiales.&nbsp;<\/p>\t\t\t\t\t\t\t\t<\/div>\n\t\t\t\t<\/div>\n\t\t\t\t\t<\/div>\n\t\t<\/div>\n\t\t\t\t\t<\/div>\n\t\t<\/section>\n\t\t\t\t<section class=\"elementor-section elementor-top-section elementor-element elementor-element-1d4194e elementor-section-boxed elementor-section-height-default elementor-section-height-default\" data-id=\"1d4194e\" data-element_type=\"section\" data-e-type=\"section\">\n\t\t\t\t\t\t<div class=\"elementor-container elementor-column-gap-default\">\n\t\t\t\t\t<div class=\"elementor-column elementor-col-100 elementor-top-column elementor-element elementor-element-a83960c\" data-id=\"a83960c\" data-element_type=\"column\" data-e-type=\"column\">\n\t\t\t<div class=\"elementor-widget-wrap elementor-element-populated\">\n\t\t\t\t\t\t<div class=\"elementor-element elementor-element-c14dde4 elementor-widget elementor-widget-spacer\" data-id=\"c14dde4\" data-element_type=\"widget\" data-e-type=\"widget\" data-widget_type=\"spacer.default\">\n\t\t\t\t<div class=\"elementor-widget-container\">\n\t\t\t\t\t\t\t<div class=\"elementor-spacer\">\n\t\t\t<div class=\"elementor-spacer-inner\"><\/div>\n\t\t<\/div>\n\t\t\t\t\t\t<\/div>\n\t\t\t\t<\/div>\n\t\t\t\t<div class=\"elementor-element elementor-element-f7554ab elementor-button-success elementor-align-center elementor-widget elementor-widget-button\" data-id=\"f7554ab\" data-element_type=\"widget\" data-e-type=\"widget\" data-widget_type=\"button.default\">\n\t\t\t\t<div class=\"elementor-widget-container\">\n\t\t\t\t\t\t\t\t\t<div class=\"elementor-button-wrapper\">\n\t\t\t\t\t<a class=\"elementor-button elementor-button-link elementor-size-md\" href=\"https:\/\/www.grupoconstrucia.com\/index.php\/iv-circular-construction-summit\/?lang=en\" id=\"EntradaIVForoCC\">\n\t\t\t\t\t\t<span class=\"elementor-button-content-wrapper\">\n\t\t\t\t\t\t\t\t\t<span class=\"elementor-button-text\">\u00a1Consulta la agenda!<\/span>\n\t\t\t\t\t<\/span>\n\t\t\t\t\t<\/a>\n\t\t\t\t<\/div>\n\t\t\t\t\t\t\t\t<\/div>\n\t\t\t\t<\/div>\n\t\t\t\t<div class=\"elementor-element elementor-element-d9de189 elementor-widget elementor-widget-spacer\" data-id=\"d9de189\" data-element_type=\"widget\" data-e-type=\"widget\" data-widget_type=\"spacer.default\">\n\t\t\t\t<div class=\"elementor-widget-container\">\n\t\t\t\t\t\t\t<div class=\"elementor-spacer\">\n\t\t\t<div class=\"elementor-spacer-inner\"><\/div>\n\t\t<\/div>\n\t\t\t\t\t\t<\/div>\n\t\t\t\t<\/div>\n\t\t\t\t<div class=\"elementor-element elementor-element-90e275d elementor-widget elementor-widget-text-editor\" data-id=\"90e275d\" data-element_type=\"widget\" data-e-type=\"widget\" data-widget_type=\"text-editor.default\">\n\t\t\t\t<div class=\"elementor-widget-container\">\n\t\t\t\t\t\t\t\t\t<h3>Lista de espera<\/h3><p>El IV Foro de Construcci\u00f3n Circular ha completado su aforo. Si quieres apuntarte en lista de espera, escr\u00edbenos a comunicacion@GrupoConstrucia.com\u00a0<\/p>\t\t\t\t\t\t\t\t<\/div>\n\t\t\t\t<\/div>\n\t\t\t\t\t<\/div>\n\t\t<\/div>\n\t\t\t\t\t<\/div>\n\t\t<\/section>\n\t\t\t\t<section class=\"elementor-section elementor-top-section elementor-element elementor-element-7c1d690 elementor-section-boxed elementor-section-height-default elementor-section-height-default\" data-id=\"7c1d690\" data-element_type=\"section\" data-e-type=\"section\">\n\t\t\t\t\t\t<div class=\"elementor-container elementor-column-gap-default\">\n\t\t\t\t\t<div class=\"elementor-column elementor-col-100 elementor-top-column elementor-element elementor-element-6e9b943\" data-id=\"6e9b943\" data-element_type=\"column\" data-e-type=\"column\">\n\t\t\t<div class=\"elementor-widget-wrap\">\n\t\t\t\t\t\t\t<\/div>\n\t\t<\/div>\n\t\t\t\t\t<\/div>\n\t\t<\/section>\n\t\t\t\t<\/div>\n\t\t","protected":false},"excerpt":{"rendered":"<p>El IV Foro de Construcci\u00f3n Circular, organizado por el Hub de Econom\u00eda Circular de la C\u00e1tedra UPC-Grupo Construc\u00eda, se celebrar\u00e1 el pr\u00f3ximo 29 de noviembre de 2024 en el Auditorio de La Pedrera, Barcelona. Bajo el t\u00edtulo \u00abLiving in a Material World. Enabling Systemic Action\u00bb, este evento abordar\u00e1 innovaciones y estrategias para un entorno construido sostenible y circular. No te pierdas la oportunidad de unirte a l\u00edderes y expertos en econom\u00eda circular y sostenibilidad. \u00a1Reserva la fecha y participa en este foro de referencia en el sur de Europa! <\/p>\n","protected":false},"author":12,"featured_media":5434,"comment_status":"open","ping_status":"closed","sticky":false,"template":"","format":"standard","meta":{"_acf_changed":false,"footnotes":"","_links_to":"","_links_to_target":""},"categories":[40,34,39,43],"tags":[],"class_list":["post-5433","post","type-post","status-publish","format-standard","has-post-thumbnail","hentry","category-colaboracion","category-construccion","category-construccion-circular","category-economia-circular"],"acf":[],"_links":{"self":[{"href":"https:\/\/www.grupoconstrucia.com\/index.php\/wp-json\/wp\/v2\/posts\/5433","targetHints":{"allow":["GET"]}}],"collection":[{"href":"https:\/\/www.grupoconstrucia.com\/index.php\/wp-json\/wp\/v2\/posts"}],"about":[{"href":"https:\/\/www.grupoconstrucia.com\/index.php\/wp-json\/wp\/v2\/types\/post"}],"author":[{"embeddable":true,"href":"https:\/\/www.grupoconstrucia.com\/index.php\/wp-json\/wp\/v2\/users\/12"}],"replies":[{"embeddable":true,"href":"https:\/\/www.grupoconstrucia.com\/index.php\/wp-json\/wp\/v2\/comments?post=5433"}],"version-history":[{"count":10,"href":"https:\/\/www.grupoconstrucia.com\/index.php\/wp-json\/wp\/v2\/posts\/5433\/revisions"}],"predecessor-version":[{"id":5446,"href":"https:\/\/www.grupoconstrucia.com\/index.php\/wp-json\/wp\/v2\/posts\/5433\/revisions\/5446"}],"wp:featuredmedia":[{"embeddable":true,"href":"https:\/\/www.grupoconstrucia.com\/index.php\/wp-json\/wp\/v2\/media\/5434"}],"wp:attachment":[{"href":"https:\/\/www.grupoconstrucia.com\/index.php\/wp-json\/wp\/v2\/media?parent=5433"}],"wp:term":[{"taxonomy":"category","embeddable":true,"href":"https:\/\/www.grupoconstrucia.com\/index.php\/wp-json\/wp\/v2\/categories?post=5433"},{"taxonomy":"post_tag","embeddable":true,"href":"https:\/\/www.grupoconstrucia.com\/index.php\/wp-json\/wp\/v2\/tags?post=5433"}],"curies":[{"name":"wp","href":"https:\/\/api.w.org\/{rel}","templated":true}]}}