{"id":5632,"date":"2025-01-15T08:16:15","date_gmt":"2025-01-15T08:16:15","guid":{"rendered":"https:\/\/www.grupoconstrucia.com\/?p=5632"},"modified":"2025-08-29T10:40:03","modified_gmt":"2025-08-29T10:40:03","slug":"circular-capital-gestora-de-inversiones-de-grupo-construcia-presenta-arrels-del-coll-su-nueva-promocion-residencial-en-el-corazon-de-sant-cugat-del-valles","status":"publish","type":"post","link":"https:\/\/www.grupoconstrucia.com\/index.php\/circular-capital-gestora-de-inversiones-de-grupo-construcia-presenta-arrels-del-coll-su-nueva-promocion-residencial-en-el-corazon-de-sant-cugat-del-valles\/","title":{"rendered":"Circular Capital, gestora de inversiones de Grupo Construc\u00eda, presenta Arrels del Coll, su nueva promoci\u00f3n residencial en el coraz\u00f3n de Sant Cugat del Vall\u00e8s"},"content":{"rendered":"\t\t<div data-elementor-type=\"wp-post\" data-elementor-id=\"5632\" class=\"elementor elementor-5632\">\n\t\t\t\t\t\t<section class=\"elementor-section elementor-top-section elementor-element elementor-element-6749fccf elementor-section-boxed elementor-section-height-default elementor-section-height-default\" data-id=\"6749fccf\" data-element_type=\"section\" data-e-type=\"section\">\n\t\t\t\t\t\t<div class=\"elementor-container elementor-column-gap-default\">\n\t\t\t\t\t<div class=\"elementor-column elementor-col-100 elementor-top-column elementor-element elementor-element-987a585\" data-id=\"987a585\" data-element_type=\"column\" data-e-type=\"column\">\n\t\t\t<div class=\"elementor-widget-wrap elementor-element-populated\">\n\t\t\t\t\t\t<div class=\"elementor-element elementor-element-ec17efb elementor-widget elementor-widget-text-editor\" data-id=\"ec17efb\" data-element_type=\"widget\" data-e-type=\"widget\" data-widget_type=\"text-editor.default\">\n\t\t\t\t<div class=\"elementor-widget-container\">\n\t\t\t\t\t\t\t\t\t<ul style=\"margin-top: 0cm;\" type=\"disc\"><li>\u00a0Ubicada en pleno centro del barrio de Sant Francesc-El Coll<span style=\"background-color: transparent; color: windowtext; font-size: 10pt; font-style: normal; font-weight: normal; text-align: justify; white-space-collapse: preserve; letter-spacing: 0px; -webkit-user-drag: none; -webkit-tap-highlight-color: transparent; user-select: text; line-height: 21.5833px; font-family: 'Poppins Light', 'Poppins Light_EmbeddedFont', 'Poppins Light_MSFontService', sans-serif;\" data-ccp-props=\"{&quot;335551550&quot;:6,&quot;335551620&quot;:6}\">\u00a0<\/span><\/li><li>16 viviendas plurifamiliares con garajes, trasteros y zonas comunes<span style=\"background-color: transparent; color: windowtext; font-size: 10pt; font-style: normal; font-weight: normal; text-align: justify; white-space-collapse: preserve; letter-spacing: 0px; -webkit-user-drag: none; -webkit-tap-highlight-color: transparent; user-select: text; line-height: 21.5833px; font-family: 'Poppins Light', 'Poppins Light_EmbeddedFont', 'Poppins Light_MSFontService', sans-serif;\" data-ccp-props=\"{&quot;335551550&quot;:6,&quot;335551620&quot;:6}\">\u00a0<\/span><\/li><li><span style=\"-webkit-user-drag: none; -webkit-tap-highlight-color: transparent; user-select: text;\">Viviendas entre <\/span><span style=\"-webkit-user-drag: none; -webkit-tap-highlight-color: transparent; user-select: text;\">7<\/span><span style=\"-webkit-user-drag: none; -webkit-tap-highlight-color: transparent; user-select: text;\">0 y 1<\/span><span style=\"-webkit-user-drag: none; -webkit-tap-highlight-color: transparent; user-select: text;\">3<\/span><span style=\"-webkit-user-drag: none; -webkit-tap-highlight-color: transparent; user-select: text;\">0m2 de superficie, todas ellas con terraza<\/span><span style=\"background-color: transparent; color: windowtext; font-size: 10pt; font-style: normal; font-weight: normal; text-align: justify; white-space-collapse: preserve; letter-spacing: 0px; -webkit-user-drag: none; -webkit-tap-highlight-color: transparent; user-select: text; line-height: 21.5833px; font-family: 'Poppins Light', 'Poppins Light_EmbeddedFont', 'Poppins Light_MSFontService', sans-serif;\" data-ccp-props=\"{&quot;335551550&quot;:6,&quot;335551620&quot;:6}\">\u00a0<\/span><\/li><\/ul>\t\t\t\t\t\t\t\t<\/div>\n\t\t\t\t<\/div>\n\t\t\t\t\t<\/div>\n\t\t<\/div>\n\t\t\t\t\t<\/div>\n\t\t<\/section>\n\t\t\t\t<section class=\"elementor-section elementor-top-section elementor-element elementor-element-9b10842 elementor-section-boxed elementor-section-height-default elementor-section-height-default\" data-id=\"9b10842\" data-element_type=\"section\" data-e-type=\"section\">\n\t\t\t\t\t\t<div class=\"elementor-container elementor-column-gap-default\">\n\t\t\t\t\t<div class=\"elementor-column elementor-col-100 elementor-top-column elementor-element elementor-element-b90ae9e\" data-id=\"b90ae9e\" data-element_type=\"column\" data-e-type=\"column\">\n\t\t\t<div class=\"elementor-widget-wrap elementor-element-populated\">\n\t\t\t\t\t\t<div class=\"elementor-element elementor-element-f03e93a elementor-widget elementor-widget-text-editor\" data-id=\"f03e93a\" data-element_type=\"widget\" data-e-type=\"widget\" data-widget_type=\"text-editor.default\">\n\t\t\t\t<div class=\"elementor-widget-container\">\n\t\t\t\t\t\t\t\t\t<p><span lang=\"ES-ES\" style=\"background-color: transparent; color: windowtext; font-weight: normal; text-align: justify; white-space-collapse: preserve; letter-spacing: 0px; -webkit-user-drag: none; -webkit-tap-highlight-color: transparent; user-select: text; font-size: 10pt; font-style: italic; line-height: 21.5833px; font-family: 'Poppins Light', 'Poppins Light_EmbeddedFont', 'Poppins Light_MSFontService', sans-serif; font-variant-ligatures: none !important;\" xml:lang=\"ES-ES\" data-contrast=\"auto\"><span style=\"-webkit-user-drag: none; -webkit-tap-highlight-color: transparent; user-select: text;\">Barcelona, <\/span><span style=\"-webkit-user-drag: none; -webkit-tap-highlight-color: transparent; user-select: text;\">15<\/span><span style=\"-webkit-user-drag: none; -webkit-tap-highlight-color: transparent; user-select: text;\"> de <\/span><span style=\"-webkit-user-drag: none; -webkit-tap-highlight-color: transparent; user-select: text;\">enero<\/span><span style=\"-webkit-user-drag: none; -webkit-tap-highlight-color: transparent; user-select: text;\"> de 202<\/span><span style=\"-webkit-user-drag: none; -webkit-tap-highlight-color: transparent; user-select: text;\">5<\/span><\/span><span lang=\"ES-ES\" style=\"background-color: transparent; color: windowtext; font-style: normal; font-weight: normal; text-align: justify; white-space-collapse: preserve; letter-spacing: 0px; -webkit-user-drag: none; -webkit-tap-highlight-color: transparent; user-select: text; font-size: 10pt; line-height: 21.5833px; font-family: 'Poppins Light', 'Poppins Light_EmbeddedFont', 'Poppins Light_MSFontService', sans-serif; font-variant-ligatures: none !important;\" xml:lang=\"ES-ES\" data-contrast=\"auto\"><span style=\"-webkit-user-drag: none; -webkit-tap-highlight-color: transparent; user-select: text;\"> \u2013 <\/span><span style=\"-webkit-user-drag: none; -webkit-tap-highlight-color: transparent; user-select: text;\">Circular <\/span><span style=\"-webkit-user-drag: none; -webkit-tap-highlight-color: transparent; user-select: text; background-position: 0px 100%; background-repeat: repeat-x; background-image: var(--urlSpellingErrorV2,); border-bottom: 1px solid transparent;\">Homes<\/span><span style=\"-webkit-user-drag: none; -webkit-tap-highlight-color: transparent; user-select: text;\">, la <\/span><span style=\"-webkit-user-drag: none; -webkit-tap-highlight-color: transparent; user-select: text;\">marca dedicada al segmento residencial de <\/span><span style=\"-webkit-user-drag: none; -webkit-tap-highlight-color: transparent; user-select: text;\">Circular Capital, empresa del ecosistema <\/span><span style=\"-webkit-user-drag: none; -webkit-tap-highlight-color: transparent; user-select: text;\">de <\/span><span style=\"-webkit-user-drag: none; -webkit-tap-highlight-color: transparent; user-select: text;\">Grupo <\/span><span style=\"-webkit-user-drag: none; -webkit-tap-highlight-color: transparent; user-select: text; background-position: 0px 100%; background-repeat: repeat-x; background-image: var(--urlSpellingErrorV2,); border-bottom: 1px solid transparent;\">Construc\u00eda<\/span><span style=\"-webkit-user-drag: none; -webkit-tap-highlight-color: transparent; user-select: text;\">, <\/span><span style=\"-webkit-user-drag: none; -webkit-tap-highlight-color: transparent; user-select: text;\">anunci\u00f3<\/span><span style=\"-webkit-user-drag: none; -webkit-tap-highlight-color: transparent; user-select: text;\"> el lanzamiento <\/span><span style=\"-webkit-user-drag: none; -webkit-tap-highlight-color: transparent; user-select: text;\">\u2018<\/span><\/span><span lang=\"ES-ES\" style=\"background-color: transparent; color: windowtext; font-style: normal; text-align: justify; white-space-collapse: preserve; letter-spacing: 0px; -webkit-user-drag: none; -webkit-tap-highlight-color: transparent; user-select: text; font-size: 10pt; line-height: 21.5833px; font-family: 'Poppins Light', 'Poppins Light_EmbeddedFont', 'Poppins Light_MSFontService', sans-serif; font-weight: bold; font-variant-ligatures: none !important;\" xml:lang=\"ES-ES\" data-contrast=\"auto\"><span style=\"-webkit-user-drag: none; -webkit-tap-highlight-color: transparent; user-select: text; background-position: 0px 100%; background-repeat: repeat-x; background-image: var(--urlSpellingErrorV2,); border-bottom: 1px solid transparent;\">Arrels<\/span><span style=\"-webkit-user-drag: none; -webkit-tap-highlight-color: transparent; user-select: text;\"> del Coll<\/span><span style=\"-webkit-user-drag: none; -webkit-tap-highlight-color: transparent; user-select: text;\">\u2019<\/span><\/span><span lang=\"ES-ES\" style=\"background-color: transparent; color: windowtext; font-style: normal; font-weight: normal; text-align: justify; white-space-collapse: preserve; letter-spacing: 0px; -webkit-user-drag: none; -webkit-tap-highlight-color: transparent; user-select: text; font-size: 10pt; line-height: 21.5833px; font-family: 'Poppins Light', 'Poppins Light_EmbeddedFont', 'Poppins Light_MSFontService', sans-serif; font-variant-ligatures: none !important;\" xml:lang=\"ES-ES\" data-contrast=\"auto\"><span style=\"-webkit-user-drag: none; -webkit-tap-highlight-color: transparent; user-select: text;\">, una promoci\u00f3n residencial <\/span><span style=\"-webkit-user-drag: none; -webkit-tap-highlight-color: transparent; user-select: text;\">de 16 viviendas plurifamiliares <\/span><span style=\"-webkit-user-drag: none; -webkit-tap-highlight-color: transparent; user-select: text;\">dise\u00f1adas y construidas bajo los <\/span><span style=\"-webkit-user-drag: none; -webkit-tap-highlight-color: transparent; user-select: text;\">principios de la<\/span><span style=\"-webkit-user-drag: none; -webkit-tap-highlight-color: transparent; user-select: text;\"> econom\u00eda circular y <\/span><span style=\"-webkit-user-drag: none; -webkit-tap-highlight-color: transparent; user-select: text;\">la sostenibilidad<\/span><span style=\"-webkit-user-drag: none; -webkit-tap-highlight-color: transparent; user-select: text;\">, <\/span><span style=\"-webkit-user-drag: none; -webkit-tap-highlight-color: transparent; user-select: text;\">y <\/span><span style=\"-webkit-user-drag: none; -webkit-tap-highlight-color: transparent; user-select: text;\">ubicada<\/span><span style=\"-webkit-user-drag: none; -webkit-tap-highlight-color: transparent; user-select: text;\"> en una de las zonas m\u00e1s <\/span><span style=\"-webkit-user-drag: none; -webkit-tap-highlight-color: transparent; user-select: text;\">demandadas<\/span><span style=\"-webkit-user-drag: none; -webkit-tap-highlight-color: transparent; user-select: text;\"> de Barcelona.<\/span><\/span><\/p><p><span lang=\"ES-ES\" style=\"background-color: transparent; color: windowtext; font-style: normal; font-weight: normal; text-align: justify; white-space-collapse: preserve; letter-spacing: 0px; -webkit-user-drag: none; -webkit-tap-highlight-color: transparent; user-select: text; font-size: 10pt; line-height: 21.5833px; font-family: 'Poppins Light', 'Poppins Light_EmbeddedFont', 'Poppins Light_MSFontService', sans-serif; font-variant-ligatures: none !important;\" xml:lang=\"ES-ES\" data-contrast=\"auto\"><span style=\"-webkit-user-drag: none; -webkit-tap-highlight-color: transparent; user-select: text;\">\u00a0<\/span><\/span><\/p>\t\t\t\t\t\t\t\t<\/div>\n\t\t\t\t<\/div>\n\t\t\t\t<div class=\"elementor-element elementor-element-93e13a4 elementor-widget elementor-widget-text-editor\" data-id=\"93e13a4\" data-element_type=\"widget\" data-e-type=\"widget\" data-widget_type=\"text-editor.default\">\n\t\t\t\t<div class=\"elementor-widget-container\">\n\t\t\t\t\t\t\t\t\t<h4><b><span data-contrast=\"auto\">Viviendas plurifamiliares en una ubicaci\u00f3n privilegiada<\/span><\/b><span data-ccp-props=\"{&quot;335551550&quot;:6,&quot;335551620&quot;:6}\">\u00a0<\/span><\/h4><p><span data-contrast=\"auto\">Arrels del Coll se ubica en pleno coraz\u00f3n del barrio de <strong>Sant Francesc-El Coll, en Sant Cugat del Vall\u00e8s<\/strong>, en un \u00e1rea consolidada que facilita la vida urbana y el acceso a m\u00faltiples servicios. Este proyecto residencial comprende 16 viviendas plurifamiliares que oscilan entre los <strong>70 y los 130 m\u00b2<\/strong>, todas equipadas con terraza, plaza de garaje y trastero. La distribuci\u00f3n contempla<strong> seis viviendas de 2 dormitorios, ocho viviendas de 3 dormitorios, una vivienda de 4 dormitorios y una vivienda unifamiliar<\/strong>, repartidas en planta baja, primera, segunda y \u00e1tico d\u00faplex.\u00a0<\/span><span data-ccp-props=\"{&quot;335551550&quot;:6,&quot;335551620&quot;:6}\">\u00a0<\/span><\/p><h4><b><span data-contrast=\"auto\">Dise\u00f1o circular y metodolog\u00edas sostenibles<\/span><\/b><span data-ccp-props=\"{&quot;335551550&quot;:6,&quot;335551620&quot;:6}\">\u00a0<\/span><\/h4><p><span data-contrast=\"auto\">En l\u00ednea con su compromiso con la econom\u00eda circular, Circular Homes aplica en Arrels del Coll la metodolog\u00eda <\/span><a href=\"https:\/\/www.construcia.com\/construccion-circular-lean2cradle\/\" target=\"_blank\" rel=\"noopener\"><b><span data-contrast=\"auto\">Lean2Cradle\u00ae Construc\u00eda<\/span><\/b><\/a><span data-contrast=\"auto\">. Este enfoque permite una gesti\u00f3n sostenible y eficiente en cada etapa del proceso constructivo, empleando herramientas como el <\/span><a href=\"https:\/\/www.construcia.com\/material-passport\/\" target=\"_blank\" rel=\"noopener\"><b><span data-contrast=\"auto\">Pasaporte de Materiales<\/span><\/b><\/a><span data-contrast=\"auto\"> para asegurar la salud y recuperaci\u00f3n futura de los recursos utilizados. Adem\u00e1s, la metodolog\u00eda incluye la medici\u00f3n de indicadores ambientales como la huella de carbono e h\u00eddrica, aspectos clave para una construcci\u00f3n sostenible. Las viviendas, actualmente en fase de comercializaci\u00f3n, est\u00e1n programadas para entregarse a inicios de 2027.<\/span><span data-ccp-props=\"{&quot;335551550&quot;:6,&quot;335551620&quot;:6}\">\u00a0<\/span><\/p><p><img fetchpriority=\"high\" decoding=\"async\" class=\"alignnone wp-image-5656 size-large\" src=\"https:\/\/www.grupoconstrucia.com\/wp-content\/uploads\/2025\/01\/CAM006_INT_Terraza_Bajocubierta-1024x1024.jpg\" alt=\"\" width=\"1024\" height=\"1024\" srcset=\"https:\/\/www.grupoconstrucia.com\/wp-content\/uploads\/2025\/01\/CAM006_INT_Terraza_Bajocubierta-1024x1024.jpg 1024w, https:\/\/www.grupoconstrucia.com\/wp-content\/uploads\/2025\/01\/CAM006_INT_Terraza_Bajocubierta-300x300.jpg 300w, https:\/\/www.grupoconstrucia.com\/wp-content\/uploads\/2025\/01\/CAM006_INT_Terraza_Bajocubierta-150x150.jpg 150w, https:\/\/www.grupoconstrucia.com\/wp-content\/uploads\/2025\/01\/CAM006_INT_Terraza_Bajocubierta-768x768.jpg 768w, https:\/\/www.grupoconstrucia.com\/wp-content\/uploads\/2025\/01\/CAM006_INT_Terraza_Bajocubierta-1536x1536.jpg 1536w, https:\/\/www.grupoconstrucia.com\/wp-content\/uploads\/2025\/01\/CAM006_INT_Terraza_Bajocubierta-2048x2048.jpg 2048w, https:\/\/www.grupoconstrucia.com\/wp-content\/uploads\/2025\/01\/CAM006_INT_Terraza_Bajocubierta-146x146.jpg 146w, https:\/\/www.grupoconstrucia.com\/wp-content\/uploads\/2025\/01\/CAM006_INT_Terraza_Bajocubierta-50x50.jpg 50w, https:\/\/www.grupoconstrucia.com\/wp-content\/uploads\/2025\/01\/CAM006_INT_Terraza_Bajocubierta-75x75.jpg 75w, https:\/\/www.grupoconstrucia.com\/wp-content\/uploads\/2025\/01\/CAM006_INT_Terraza_Bajocubierta-85x85.jpg 85w, https:\/\/www.grupoconstrucia.com\/wp-content\/uploads\/2025\/01\/CAM006_INT_Terraza_Bajocubierta-80x80.jpg 80w\" sizes=\"(max-width:767px) 480px, (max-width:1024px) 100vw, 1024px\" \/><\/p><h4>\u00a0<\/h4><h4><b><span data-contrast=\"auto\">Arrels del Coll: m\u00e1s que un proyecto, un compromiso con la comunidad<\/span><\/b><span data-ccp-props=\"{&quot;335551550&quot;:6,&quot;335551620&quot;:6}\">\u00a0<\/span><\/h4><p><span data-contrast=\"auto\">Arrels del Coll tiene como objetivo fortalecer el atractivo y contribuir a la transformaci\u00f3n y modernizaci\u00f3n de este c\u00e9ntrico barrio de Sant Cugat del Vall\u00e8s. La construcci\u00f3n se ha dise\u00f1ado respetando los espacios hist\u00f3ricos, retranqueando las nuevas edificaciones y optimizando el aprovechamiento del solar, que cuenta con una superficie aproximada de <strong>580 m\u00b2<\/strong>. El resultado es una combinaci\u00f3n de tradici\u00f3n y modernidad que incrementa el valor de esta \u00e1rea de gran inter\u00e9s en el municipio.<\/span><span data-ccp-props=\"{&quot;335551550&quot;:6,&quot;335551620&quot;:6}\">\u00a0<\/span><\/p><p><span data-ccp-props=\"{&quot;335551550&quot;:6,&quot;335551620&quot;:6}\">\u00a0<\/span><\/p><h4><b><span data-contrast=\"auto\">Otras promociones en curso consolidan el liderazgo de Circular Homes<\/span><\/b><span data-ccp-props=\"{&quot;335551550&quot;:6,&quot;335551620&quot;:6}\">\u00a0<\/span><\/h4><p><span data-contrast=\"auto\">Arrels del Coll es la \u00faltima incorporaci\u00f3n al portafolio de Circular Homes, que actualmente desarrolla otros proyectos destacados como <strong><a href=\"https:\/\/www.ccapital.es\/circular-homes-agara\/\" target=\"_blank\" rel=\"noopener\">Ag\u00e2ra<\/a> I y Ag\u00e2ra II<\/strong> en Torrelodones (Madrid), <a href=\"https:\/\/www.ccapital.es\/circular-homes-ca-lescola\/\" target=\"_blank\" rel=\"noopener\"><strong>Ca l\u2019Escol\u00e0<\/strong> <\/a>en Cabrera de Mar (Barcelona) y <a href=\"https:\/\/www.ccapital.es\/morgana-caldes-destrac\/\" target=\"_blank\" rel=\"noopener\"><strong>Morgana<\/strong> <\/a>en Caldes d\u2019Estrac (Barcelona). Estas promociones son tambi\u00e9n parte de la estrategia de la compa\u00f1\u00eda en el sector inmobiliario, orientada a crear viviendas sostenibles y circulares que se adaptan a las necesidades actuales y futuras de los residentes, en armon\u00eda con las comunidades en las que se ubican.<\/span><span data-ccp-props=\"{&quot;335551550&quot;:6,&quot;335551620&quot;:6}\">\u00a0<\/span><\/p><p><span data-contrast=\"auto\">\u00abCon Arrels del Coll, y junto al resto de proyectos, en Circular Homes seguimos avanzando en nuestra visi\u00f3n de transformar el sector inmobiliario hacia <strong>modelos m\u00e1s sostenibles y centrados en las personas y el planeta<\/strong>. Cada desarrollo es una oportunidad para buscar una mejor relaci\u00f3n con la naturaleza y mejorar la calidad de vida de los residentes. Gracias a los m\u00e1s de 10 a\u00f1os de experiencia de <strong>Grupo Construc\u00eda<\/strong> en econom\u00eda circular nos posicionamos en la vanguardia de desarrollos realmente sostenibles\u00bb, concluy\u00f3 <a href=\"https:\/\/www.linkedin.com\/in\/c%C3%A1stor-gonz%C3%A1lez-a9821487\/\" target=\"_blank\" rel=\"noopener\"><strong>C\u00e1stor Gonz\u00e1lez, CEO de Circular Capital.\u00a0<\/strong><\/a><\/span><a href=\"_wp_link_placeholder\"><strong>\u00a0<\/strong><\/a><\/p>\t\t\t\t\t\t\t\t<\/div>\n\t\t\t\t<\/div>\n\t\t\t\t\t<\/div>\n\t\t<\/div>\n\t\t\t\t\t<\/div>\n\t\t<\/section>\n\t\t\t\t<\/div>\n\t\t","protected":false},"excerpt":{"rendered":"<p>Circular Homes, la marca dedicada al segmento residencial de Circular Capital, empresa del ecosistema de Grupo Construc\u00eda, anunci\u00f3 el lanzamiento \u2018Arrels del Coll\u2019, una promoci\u00f3n residencial de 16 viviendas plurifamiliares dise\u00f1adas y construidas bajo los principios de la econom\u00eda circular y la sostenibilidad, y ubicada en una de las zonas m\u00e1s demandadas de Barcelona.<\/p>\n","protected":false},"author":13,"featured_media":5659,"comment_status":"open","ping_status":"closed","sticky":false,"template":"","format":"standard","meta":{"_acf_changed":false,"footnotes":"","_links_to":"","_links_to_target":""},"categories":[35,40,34,39,43],"tags":[],"class_list":["post-5632","post","type-post","status-publish","format-standard","has-post-thumbnail","hentry","category-circular-capital","category-colaboracion","category-construccion","category-construccion-circular","category-economia-circular"],"acf":[],"_links":{"self":[{"href":"https:\/\/www.grupoconstrucia.com\/index.php\/wp-json\/wp\/v2\/posts\/5632","targetHints":{"allow":["GET"]}}],"collection":[{"href":"https:\/\/www.grupoconstrucia.com\/index.php\/wp-json\/wp\/v2\/posts"}],"about":[{"href":"https:\/\/www.grupoconstrucia.com\/index.php\/wp-json\/wp\/v2\/types\/post"}],"author":[{"embeddable":true,"href":"https:\/\/www.grupoconstrucia.com\/index.php\/wp-json\/wp\/v2\/users\/13"}],"replies":[{"embeddable":true,"href":"https:\/\/www.grupoconstrucia.com\/index.php\/wp-json\/wp\/v2\/comments?post=5632"}],"version-history":[{"count":27,"href":"https:\/\/www.grupoconstrucia.com\/index.php\/wp-json\/wp\/v2\/posts\/5632\/revisions"}],"predecessor-version":[{"id":7012,"href":"https:\/\/www.grupoconstrucia.com\/index.php\/wp-json\/wp\/v2\/posts\/5632\/revisions\/7012"}],"wp:featuredmedia":[{"embeddable":true,"href":"https:\/\/www.grupoconstrucia.com\/index.php\/wp-json\/wp\/v2\/media\/5659"}],"wp:attachment":[{"href":"https:\/\/www.grupoconstrucia.com\/index.php\/wp-json\/wp\/v2\/media?parent=5632"}],"wp:term":[{"taxonomy":"category","embeddable":true,"href":"https:\/\/www.grupoconstrucia.com\/index.php\/wp-json\/wp\/v2\/categories?post=5632"},{"taxonomy":"post_tag","embeddable":true,"href":"https:\/\/www.grupoconstrucia.com\/index.php\/wp-json\/wp\/v2\/tags?post=5632"}],"curies":[{"name":"wp","href":"https:\/\/api.w.org\/{rel}","templated":true}]}}