{"id":6771,"date":"2025-07-15T06:58:07","date_gmt":"2025-07-15T06:58:07","guid":{"rendered":"https:\/\/www.grupoconstrucia.com\/?p=6771"},"modified":"2025-08-29T10:37:02","modified_gmt":"2025-08-29T10:37:02","slug":"marina-lledo-cpo","status":"publish","type":"post","link":"https:\/\/www.grupoconstrucia.com\/index.php\/marina-lledo-cpo\/","title":{"rendered":"Grupo Construc\u00eda refuerza su equipo directivo con la incorporaci\u00f3n de Marina Lled\u00f3 como Chief People Officer"},"content":{"rendered":"\t\t<div data-elementor-type=\"wp-post\" data-elementor-id=\"6771\" class=\"elementor elementor-6771\">\n\t\t\t\t\t\t<section class=\"elementor-section elementor-top-section elementor-element elementor-element-9b10842 elementor-section-boxed elementor-section-height-default elementor-section-height-default\" data-id=\"9b10842\" data-element_type=\"section\" data-e-type=\"section\">\n\t\t\t\t\t\t<div class=\"elementor-container elementor-column-gap-default\">\n\t\t\t\t\t<div class=\"elementor-column elementor-col-100 elementor-top-column elementor-element elementor-element-b90ae9e\" data-id=\"b90ae9e\" data-element_type=\"column\" data-e-type=\"column\">\n\t\t\t<div class=\"elementor-widget-wrap elementor-element-populated\">\n\t\t\t\t\t\t<div class=\"elementor-element elementor-element-f03e93a elementor-widget elementor-widget-text-editor\" data-id=\"f03e93a\" data-element_type=\"widget\" data-e-type=\"widget\" data-widget_type=\"text-editor.default\">\n\t\t\t\t<div class=\"elementor-widget-container\">\n\t\t\t\t\t\t\t\t\t<p class=\"MsoNormal\"><b><span style=\"font-family: 'Poppins Light';\">Barcelona, 15 de julio de 2025<\/span><\/b><span style=\"font-family: 'Poppins Light';\"> \u2013 Grupo Construc\u00eda, ecosistema de empresas que busca transformar el sector de la construcci\u00f3n y la industria mediante la econom\u00eda circular, anunci\u00f3 la incorporaci\u00f3n de Marina Lled\u00f3 como nueva Chief People Officer (CPO). Respaldada por una trayectoria internacional, Marina liderar\u00e1 la estrategia de gesti\u00f3n del talento, cultura organizativa y desarrollo de personas del Grupo, Trabajando directamente con Arturo Fern\u00e1ndez, Co-CEO de la compa\u00f1\u00eda.<\/span><\/p><p class=\"MsoNormal\"><span style=\"font-family: 'Poppins Light';\">\u00a0<\/span><\/p><p class=\"MsoNormal\"><span style=\"font-family: 'Poppins Light';\">Bajo el liderazgo de Marina tambi\u00e9n se encuentra el \u00e1rea de Prevenci\u00f3n de Riesgos Laborales, en l\u00ednea con la visi\u00f3n de Grupo Construc\u00eda de integrar salud, bienestar y sostenibilidad en el centro de su propuesta de valor para sus trabajadores y trabajadoras. <\/span><\/p><p class=\"MsoNormal\"><span style=\"font-family: 'Poppins Light';\">\u00a0<\/span><\/p><p class=\"MsoNormal\"><span style=\"font-family: 'Poppins Light';\">\u201cLa incorporaci\u00f3n de Marina supone un paso m\u00e1s en nuestro compromiso por atraer, desarrollar y cuidar al mejor talento, impulsando una cultura organizativa que acompa\u00f1e la transformaci\u00f3n sostenible de nuestro sector\u201d, ha se\u00f1alado Arturo Fern\u00e1ndez.<\/span><\/p><p>\u00a0<\/p><p class=\"MsoNormal\"><span style=\"font-family: 'Poppins Light';\">Con base en Barcelona y un enfoque transversal, Marina trabajar\u00e1 estrechamente con los equipos de todas las sedes y empresas del Grupo, alineando la estrategia de personas con los objetivos de crecimiento y sostenibilidad del negocio.<\/span><\/p>\t\t\t\t\t\t\t\t<\/div>\n\t\t\t\t<\/div>\n\t\t\t\t<div class=\"elementor-element elementor-element-ca4d349 elementor-widget elementor-widget-text-editor\" data-id=\"ca4d349\" data-element_type=\"widget\" data-e-type=\"widget\" data-widget_type=\"text-editor.default\">\n\t\t\t\t<div class=\"elementor-widget-container\">\n\t\t\t\t\t\t\t\t\t<div style=\"width: 2570px\" class=\"wp-caption alignleft\"><img fetchpriority=\"high\" decoding=\"async\" class=\"size-medium\" src=\"https:\/\/www.grupoconstrucia.com\/wp-content\/uploads\/2025\/07\/construcia_-12-scaled.jpg\" alt=\"Oficinas de Grupo Construc\u00eda en Sant Cugat\" width=\"2560\" height=\"1707\" \/><p class=\"wp-caption-text\">Oficinas de Grupo Construc\u00eda en Sant Cugat<\/p><\/div><p style=\"margin-top: 12.0pt; text-align: justify;\"><b><span style=\"font-family: Poppins; mso-fareast-font-family: 'Times New Roman';\">\u00a0<\/span><\/b><\/p><p style=\"margin-top: 12.0pt; text-align: justify;\"><b><span style=\"font-family: Poppins; mso-fareast-font-family: 'Times New Roman';\">Sobre Grupo Construc\u00eda<\/span><\/b><\/p><p style=\"line-height: 115%;\"><span style=\"font-size: 9.0pt; line-height: 115%; font-family: Poppins;\">Grupo Construc\u00eda es un ecosistema de empresas que busca transformar el sector de la construcci\u00f3n y la industria mediante la econom\u00eda circular con el objetivo de generar un impacto positivo en las personas, la econom\u00eda y el planeta Sus cuatro empresas act\u00faan a lo largo de la cadena de valor, desde la inversi\u00f3n a la qu\u00edmica de los productos Cuenta con m\u00e1s de 300 empleados y sedes en Madrid, Barcelona y Lisboa. Actualmente, la componen: Construc\u00eda (pionera en construcci\u00f3n circular), Eco Intelligent Growth (consultor\u00eda de Econom\u00eda Circular Cradle to Cradle, Cradle to Cradle Certified\u00ae Accredited Assessment Body), Construc\u00eda Instalaciones y Circular Capital (gesti\u00f3n de inversiones de impacto). <\/span><\/p><p><span style=\"font-size: 9.0pt; line-height: 107%; font-family: Poppins; mso-fareast-font-family: Aptos; mso-fareast-theme-font: minor-latin; mso-ansi-language: ES; mso-fareast-language: EN-US; mso-bidi-language: AR-SA;\">\u00a0<\/span><\/p><p><span style=\"font-size: 9.0pt; line-height: 107%; font-family: Poppins; mso-fareast-font-family: Aptos; mso-fareast-theme-font: minor-latin; mso-ansi-language: ES; mso-fareast-language: EN-US; mso-bidi-language: AR-SA;\">M\u00e1s informaci\u00f3n en <\/span><span style=\"font-size: 11.0pt; line-height: 107%; font-family: 'Aptos',sans-serif; mso-ascii-theme-font: minor-latin; mso-fareast-font-family: Aptos; mso-fareast-theme-font: minor-latin; mso-hansi-theme-font: minor-latin; mso-bidi-font-family: 'Times New Roman'; mso-bidi-theme-font: minor-bidi; mso-ansi-language: ES; mso-fareast-language: EN-US; mso-bidi-language: AR-SA;\"><a href=\"http:\/\/www.grupoconstrucia.com\/\"><span style=\"font-size: 9.0pt; line-height: 107%; font-family: Poppins;\">www.grupoconstrucia.c<\/span><\/a>om<\/span><\/p>\t\t\t\t\t\t\t\t<\/div>\n\t\t\t\t<\/div>\n\t\t\t\t\t<\/div>\n\t\t<\/div>\n\t\t\t\t\t<\/div>\n\t\t<\/section>\n\t\t\t\t<\/div>\n\t\t","protected":false},"excerpt":{"rendered":"<p>Grupo Construc\u00eda, ecosistema de empresas que busca transformar el sector de la construcci\u00f3n y la industria mediante la econom\u00eda circular, anunci\u00f3 la incorporaci\u00f3n de Marina Lled\u00f3 como nueva Chief People Officer (CPO).<\/p>\n","protected":false},"author":12,"featured_media":6785,"comment_status":"open","ping_status":"closed","sticky":false,"template":"","format":"standard","meta":{"_acf_changed":false,"footnotes":"","_links_to":"","_links_to_target":""},"categories":[40,43],"tags":[],"class_list":["post-6771","post","type-post","status-publish","format-standard","has-post-thumbnail","hentry","category-colaboracion","category-economia-circular"],"acf":[],"_links":{"self":[{"href":"https:\/\/www.grupoconstrucia.com\/index.php\/wp-json\/wp\/v2\/posts\/6771","targetHints":{"allow":["GET"]}}],"collection":[{"href":"https:\/\/www.grupoconstrucia.com\/index.php\/wp-json\/wp\/v2\/posts"}],"about":[{"href":"https:\/\/www.grupoconstrucia.com\/index.php\/wp-json\/wp\/v2\/types\/post"}],"author":[{"embeddable":true,"href":"https:\/\/www.grupoconstrucia.com\/index.php\/wp-json\/wp\/v2\/users\/12"}],"replies":[{"embeddable":true,"href":"https:\/\/www.grupoconstrucia.com\/index.php\/wp-json\/wp\/v2\/comments?post=6771"}],"version-history":[{"count":11,"href":"https:\/\/www.grupoconstrucia.com\/index.php\/wp-json\/wp\/v2\/posts\/6771\/revisions"}],"predecessor-version":[{"id":7006,"href":"https:\/\/www.grupoconstrucia.com\/index.php\/wp-json\/wp\/v2\/posts\/6771\/revisions\/7006"}],"wp:featuredmedia":[{"embeddable":true,"href":"https:\/\/www.grupoconstrucia.com\/index.php\/wp-json\/wp\/v2\/media\/6785"}],"wp:attachment":[{"href":"https:\/\/www.grupoconstrucia.com\/index.php\/wp-json\/wp\/v2\/media?parent=6771"}],"wp:term":[{"taxonomy":"category","embeddable":true,"href":"https:\/\/www.grupoconstrucia.com\/index.php\/wp-json\/wp\/v2\/categories?post=6771"},{"taxonomy":"post_tag","embeddable":true,"href":"https:\/\/www.grupoconstrucia.com\/index.php\/wp-json\/wp\/v2\/tags?post=6771"}],"curies":[{"name":"wp","href":"https:\/\/api.w.org\/{rel}","templated":true}]}}