{"id":6994,"date":"2025-08-29T09:54:30","date_gmt":"2025-08-29T09:54:30","guid":{"rendered":"https:\/\/www.grupoconstrucia.com\/?p=6994"},"modified":"2025-09-01T13:54:37","modified_gmt":"2025-09-01T13:54:37","slug":"alberto-lara-director-operaciones-construcia","status":"publish","type":"post","link":"https:\/\/www.grupoconstrucia.com\/index.php\/alberto-lara-director-operaciones-construcia\/","title":{"rendered":"Construc\u00eda y Construc\u00eda Instalaciones refuerzan su estructura con la incorporaci\u00f3n de Alberto Lara como nuevo director de Operaciones"},"content":{"rendered":"\t\t<div data-elementor-type=\"wp-post\" data-elementor-id=\"6994\" class=\"elementor elementor-6994\">\n\t\t\t\t\t\t<section class=\"elementor-section elementor-top-section elementor-element elementor-element-9b10842 elementor-section-boxed elementor-section-height-default elementor-section-height-default\" data-id=\"9b10842\" data-element_type=\"section\" data-e-type=\"section\">\n\t\t\t\t\t\t<div class=\"elementor-container elementor-column-gap-default\">\n\t\t\t\t\t<div class=\"elementor-column elementor-col-100 elementor-top-column elementor-element elementor-element-b90ae9e\" data-id=\"b90ae9e\" data-element_type=\"column\" data-e-type=\"column\">\n\t\t\t<div class=\"elementor-widget-wrap elementor-element-populated\">\n\t\t\t\t\t\t<div class=\"elementor-element elementor-element-f03e93a elementor-widget elementor-widget-text-editor\" data-id=\"f03e93a\" data-element_type=\"widget\" data-e-type=\"widget\" data-widget_type=\"text-editor.default\">\n\t\t\t\t<div class=\"elementor-widget-container\">\n\t\t\t\t\t\t\t\t\t<p><strong>Madrid, 2 de septiembre de 2025.<\/strong> Grupo Construc\u00eda incorpor\u00f3 a Alberto Lara Molina como nuevo director de Operaciones de Construc\u00eda y Construc\u00eda Instalaciones. Su llegada se enmarca dentro del proceso de integraci\u00f3n operativa que impulsa el Grupo para consolidar un modelo de gesti\u00f3n m\u00e1s eficiente, coordinado y alineado con su plan estrat\u00e9gico de transformaci\u00f3n.<\/p><p>\u00a0<\/p><p>Alberto Lara asume este cargo tras la promoci\u00f3n de \u00c1ngel Mu\u00f1oz Lobo a director general de ambas compa\u00f1\u00edas. En esta nueva etapa, el objetivo de Grupo Construc\u00eda es seguir avanzando hacia una estructura organizativa m\u00e1s unificada, capaz de dar respuesta a los retos del sector con mayor agilidad, visi\u00f3n global y orientaci\u00f3n al impacto positivo. Este impacto se traduce, entre otras cosas, en una apuesta firme por priorizar la <strong>seguridad y salud de las personas que trabajan en los proyectos <\/strong>y por la <strong>sostenibilidad como pilar transversal<\/strong> en todos los procesos. Con un modelo operativo m\u00e1s cohesionado, el Grupo busca reforzar su liderazgo en construcci\u00f3n circular, generando valor para sus clientes, equipos y el entorno.<\/p><p>\u00a0<\/p><blockquote><p>\u201cLa incorporaci\u00f3n de Alberto Lara responde a la necesidad de reforzar la direcci\u00f3n en obra en un momento muy importante para nosotros en cuanto a integraci\u00f3n operativa y estandarizaci\u00f3n de procesos. Su experiencia en el sector y nuestra forma de construir ser\u00e1n fundamentales para trabajar de forma m\u00e1s eficiente y alineada con nuestros objetivos de impacto\u201d, afirm\u00f3 el director general de Construc\u00eda y Construc\u00eda Instalaciones, \u00c1ngel Mu\u00f1oz.<\/p><\/blockquote><p>\u00a0<\/p><p>Con una trayectoria nacional e internacional de casi 20 a\u00f1os en el sector de la construcci\u00f3n, Alberto Lara ha liderado proyectos de alta complejidad en pa\u00edses como Espa\u00f1a, Noruega, Estados Unidos y Canad\u00e1. Su experiencia abarca desde la direcci\u00f3n de obra hasta el desarrollo de negocio y la gesti\u00f3n de licitaciones internacionales, destacando por su capacidad para liderar equipos multiculturales, optimizar procesos y aportar una s\u00f3lida visi\u00f3n estrat\u00e9gica.<\/p><p>\u00a0<\/p><p>Con esta incorporaci\u00f3n, Grupo Construc\u00eda consolida su compromiso con la excelencia operativa y refuerza su apuesta por el talento y el liderazgo como palancas clave para acelerar la transici\u00f3n hacia un modelo de construcci\u00f3n verdaderamente circular y netamente positivo.<\/p>\t\t\t\t\t\t\t\t<\/div>\n\t\t\t\t<\/div>\n\t\t\t\t<div class=\"elementor-element elementor-element-ca4d349 elementor-widget elementor-widget-text-editor\" data-id=\"ca4d349\" data-element_type=\"widget\" data-e-type=\"widget\" data-widget_type=\"text-editor.default\">\n\t\t\t\t<div class=\"elementor-widget-container\">\n\t\t\t\t\t\t\t\t\t<div style=\"width: 2570px\" class=\"wp-caption alignleft\"><img fetchpriority=\"high\" decoding=\"async\" class=\"size-medium\" src=\"https:\/\/www.grupoconstrucia.com\/wp-content\/uploads\/2025\/07\/construcia_-12-scaled.jpg\" alt=\"Oficinas de Grupo Construc\u00eda en Sant Cugat\" width=\"2560\" height=\"1707\" \/><p class=\"wp-caption-text\">Oficinas de Grupo Construc\u00eda en Sant Cugat<\/p><\/div><p style=\"margin-top: 12.0pt; text-align: justify;\"><b><span style=\"font-family: Poppins; mso-fareast-font-family: 'Times New Roman';\">\u00a0<\/span><\/b><\/p><h4>Sobre Grupo Construc\u00eda<\/h4><p>Grupo Construc\u00eda es un ecosistema de empresas que busca transformar el sector de la construcci\u00f3n y la industria mediante la econom\u00eda circular con el objetivo de generar un impacto positivo en las personas, la econom\u00eda y el planeta Sus cuatro empresas act\u00faan a lo largo de la cadena de valor, desde la inversi\u00f3n a la qu\u00edmica de los productos Cuenta con m\u00e1s de 300 empleados y sedes en Madrid, Barcelona y Lisboa. Actualmente, la componen: Construc\u00eda (pionera en construcci\u00f3n circular), Eco Intelligent Growth (consultor\u00eda de Econom\u00eda Circular Cradle to Cradle, Cradle to Cradle Certified\u00ae Accredited Assessment Body), Construc\u00eda Instalaciones y Circular Capital (gesti\u00f3n de inversiones de impacto).<\/p><p>\u00a0<\/p><p>M\u00e1s informaci\u00f3n en <a href=\"http:\/\/www.grupoconstrucia.com\/\">www.grupoconstrucia.com\u00a0<\/a><\/p><p>\u00a0<\/p><h4><strong>Sobre Construc\u00eda<\/strong><\/h4><p>Construc\u00eda es una empresa pionera en construcci\u00f3n circular que busca impulsar el cambio hacia un modelo de construcci\u00f3n sostenible y de impacto positivo para el ecosistema, la econom\u00eda y la salud de las personas. Su metodolog\u00eda, Lean2Cradle\u00ae Construc\u00eda, sistema de gesti\u00f3n de proyectos de construcci\u00f3n, combina el enfoque (saludable y circular) Cradle2Cradle y el Lean Construction para entregar el m\u00e1ximo valor al cliente, optimizando sus procesos y gestionando riesgos mediante una planificaci\u00f3n exhaustiva, que integra la econom\u00eda circular como estrategia.<\/p><p>Inicia su recorrido en 2002 y, actualmente, tiene sedes en Madrid, Barcelona y Lisboa. Forma parte de Grupo Construc\u00eda, un ecosistema de empresas con m\u00e1s de 350 empleados que busca transformar el sector de la construcci\u00f3n y las industrias vinculadas mediante la econom\u00eda circular.<\/p><p>M\u00e1s informaci\u00f3n en <a href=\"https:\/\/www.construcia.com\/\">https:\/\/www.construcia.com\/<\/a><\/p>\t\t\t\t\t\t\t\t<\/div>\n\t\t\t\t<\/div>\n\t\t\t\t\t<\/div>\n\t\t<\/div>\n\t\t\t\t\t<\/div>\n\t\t<\/section>\n\t\t\t\t<\/div>\n\t\t","protected":false},"excerpt":{"rendered":"<p>Grupo Construc\u00eda incorpor\u00f3 a Alberto Lara Molina como nuevo director de Operaciones de Construc\u00eda y Construc\u00eda Instalaciones. Su llegada se enmarca dentro del proceso de integraci\u00f3n operativa que impulsa el Grupo para consolidar un modelo de gesti\u00f3n m\u00e1s eficiente, coordinado y alineado con su plan estrat\u00e9gico de transformaci\u00f3n.<\/p>\n","protected":false},"author":12,"featured_media":7041,"comment_status":"open","ping_status":"closed","sticky":false,"template":"","format":"standard","meta":{"_acf_changed":false,"footnotes":"","_links_to":"","_links_to_target":""},"categories":[40,43],"tags":[],"class_list":["post-6994","post","type-post","status-publish","format-standard","has-post-thumbnail","hentry","category-colaboracion","category-economia-circular"],"acf":[],"_links":{"self":[{"href":"https:\/\/www.grupoconstrucia.com\/index.php\/wp-json\/wp\/v2\/posts\/6994","targetHints":{"allow":["GET"]}}],"collection":[{"href":"https:\/\/www.grupoconstrucia.com\/index.php\/wp-json\/wp\/v2\/posts"}],"about":[{"href":"https:\/\/www.grupoconstrucia.com\/index.php\/wp-json\/wp\/v2\/types\/post"}],"author":[{"embeddable":true,"href":"https:\/\/www.grupoconstrucia.com\/index.php\/wp-json\/wp\/v2\/users\/12"}],"replies":[{"embeddable":true,"href":"https:\/\/www.grupoconstrucia.com\/index.php\/wp-json\/wp\/v2\/comments?post=6994"}],"version-history":[{"count":14,"href":"https:\/\/www.grupoconstrucia.com\/index.php\/wp-json\/wp\/v2\/posts\/6994\/revisions"}],"predecessor-version":[{"id":7075,"href":"https:\/\/www.grupoconstrucia.com\/index.php\/wp-json\/wp\/v2\/posts\/6994\/revisions\/7075"}],"wp:featuredmedia":[{"embeddable":true,"href":"https:\/\/www.grupoconstrucia.com\/index.php\/wp-json\/wp\/v2\/media\/7041"}],"wp:attachment":[{"href":"https:\/\/www.grupoconstrucia.com\/index.php\/wp-json\/wp\/v2\/media?parent=6994"}],"wp:term":[{"taxonomy":"category","embeddable":true,"href":"https:\/\/www.grupoconstrucia.com\/index.php\/wp-json\/wp\/v2\/categories?post=6994"},{"taxonomy":"post_tag","embeddable":true,"href":"https:\/\/www.grupoconstrucia.com\/index.php\/wp-json\/wp\/v2\/tags?post=6994"}],"curies":[{"name":"wp","href":"https:\/\/api.w.org\/{rel}","templated":true}]}}