{"id":8073,"date":"2025-12-10T17:47:39","date_gmt":"2025-12-10T17:47:39","guid":{"rendered":"https:\/\/www.grupoconstrucia.com\/?p=8073"},"modified":"2025-12-10T17:47:39","modified_gmt":"2025-12-10T17:47:39","slug":"barcelona-consolida-el-v-foro-de-construccion-circular-como-el-mayor-referente-del-sur-de-europa-para-acelerar-la-transicion-hacia-un-modelo-sostenible","status":"publish","type":"post","link":"https:\/\/www.grupoconstrucia.com\/index.php\/barcelona-consolida-el-v-foro-de-construccion-circular-como-el-mayor-referente-del-sur-de-europa-para-acelerar-la-transicion-hacia-un-modelo-sostenible\/","title":{"rendered":"Barcelona consolida el V Foro de Construcci\u00f3n Circular como el mayor referente del sur de Europa para acelerar la transici\u00f3n hacia un modelo sostenible"},"content":{"rendered":"<p class=\"MsoListParagraph\" style=\"margin-left: 54.0pt; mso-add-space: auto; text-indent: -18.0pt; mso-list: l1 level1 lfo2;\"><!-- [if !supportLists]--><span style=\"font-family: 'Poppins Light'; mso-fareast-font-family: 'Poppins Light';\">\u2022<span style=\"font-variant-numeric: normal; font-variant-east-asian: normal; font-variant-alternates: normal; font-size-adjust: none; font-language-override: normal; font-kerning: auto; font-optical-sizing: auto; font-feature-settings: normal; font-variation-settings: normal; font-variant-position: normal; font-variant-emoji: normal; font-stretch: normal; font-size: 7pt; line-height: normal; font-family: 'Times New Roman';\">\u00a0\u00a0\u00a0\u00a0\u00a0\u00a0\u00a0 <\/span><\/span><!--[endif]--><span style=\"font-family: 'Poppins Light';\">M\u00e1s de <b>300 asistentes<\/b>, <b>16 organizaciones<\/b> y representantes del sector p\u00fablico, privado y acad\u00e9mico se reunieron para impulsar la econom\u00eda circular aplicada a la construcci\u00f3n.<\/span><\/p>\n<p class=\"MsoListParagraph\" style=\"margin-left: 54.0pt; mso-add-space: auto; text-indent: -18.0pt; mso-list: l1 level1 lfo2;\"><!-- [if !supportLists]--><span style=\"font-family: 'Poppins Light'; mso-fareast-font-family: 'Poppins Light';\">\u2022<span style=\"font-variant-numeric: normal; font-variant-east-asian: normal; font-variant-alternates: normal; font-size-adjust: none; font-language-override: normal; font-kerning: auto; font-optical-sizing: auto; font-feature-settings: normal; font-variation-settings: normal; font-variant-position: normal; font-variant-emoji: normal; font-stretch: normal; font-size: 7pt; line-height: normal; font-family: 'Times New Roman';\">\u00a0\u00a0\u00a0\u00a0\u00a0\u00a0\u00a0 <\/span><\/span><!--[endif]--><span style=\"font-family: 'Poppins Light';\">La <b>City of London<\/b> y el <b>Spotify Camp Nou<\/b> protagonizaron los principales casos de \u00e9xito, junto a iniciativas de construcci\u00f3n circular a nivel urbano.<\/span><\/p>\n<p class=\"MsoListParagraph\" style=\"margin-left: 54.0pt; mso-add-space: auto; text-indent: -18.0pt; mso-list: l1 level1 lfo2;\"><!-- [if !supportLists]--><span style=\"font-family: 'Poppins Light'; mso-fareast-font-family: 'Poppins Light';\">\u2022<span style=\"font-variant-numeric: normal; font-variant-east-asian: normal; font-variant-alternates: normal; font-size-adjust: none; font-language-override: normal; font-kerning: auto; font-optical-sizing: auto; font-feature-settings: normal; font-variation-settings: normal; font-variant-position: normal; font-variant-emoji: normal; font-stretch: normal; font-size: 7pt; line-height: normal; font-family: 'Times New Roman';\">\u00a0\u00a0\u00a0\u00a0\u00a0\u00a0\u00a0 <\/span><\/span><!--[endif]--><span style=\"font-family: 'Poppins Light';\">Cuatro <b>workshops especializados<\/b> marcaron una agenda orientada a la acci\u00f3n y a la colaboraci\u00f3n multisectorial.<\/span><\/p>\n<p class=\"MsoNormal\"><span style=\"font-family: 'Poppins Light';\">El V Foro de Construcci\u00f3n Circular, celebrado el 3 de diciembre en el Paraninfo de la Escola Industrial de la Diputaci\u00f3 de Barcelona, reuni\u00f3 a m\u00e1s de 300 profesionales del ecosistema de la construcci\u00f3n. Con 10 modelos circulares expuestos, 4 workshops profesionales, 4 empresas patrocinadoras y 3 coorganizadores, el Foro se consolida como el evento de referencia en el sur de Europa para acelerar la transici\u00f3n hacia la econom\u00eda circular en el entorno construido.<\/span><\/p>\n<p class=\"MsoNormal\"><span style=\"font-family: 'Poppins Light';\"> <img fetchpriority=\"high\" decoding=\"async\" class=\"alignnone size-full wp-image-8076\" src=\"https:\/\/www.grupoconstrucia.com\/wp-content\/uploads\/2025\/12\/R247230.jpg\" alt=\"\" width=\"2160\" height=\"1440\" srcset=\"https:\/\/www.grupoconstrucia.com\/wp-content\/uploads\/2025\/12\/R247230.jpg 2160w, https:\/\/www.grupoconstrucia.com\/wp-content\/uploads\/2025\/12\/R247230-300x200.jpg 300w, https:\/\/www.grupoconstrucia.com\/wp-content\/uploads\/2025\/12\/R247230-1024x683.jpg 1024w, https:\/\/www.grupoconstrucia.com\/wp-content\/uploads\/2025\/12\/R247230-768x512.jpg 768w, https:\/\/www.grupoconstrucia.com\/wp-content\/uploads\/2025\/12\/R247230-1536x1024.jpg 1536w, https:\/\/www.grupoconstrucia.com\/wp-content\/uploads\/2025\/12\/R247230-2048x1365.jpg 2048w, https:\/\/www.grupoconstrucia.com\/wp-content\/uploads\/2025\/12\/R247230-113x75.jpg 113w, https:\/\/www.grupoconstrucia.com\/wp-content\/uploads\/2025\/12\/R247230-480x320.jpg 480w\" sizes=\"(max-width:767px) 480px, (max-width:2160px) 100vw, 2160px\" \/><\/span><\/p>\n<p class=\"MsoNormal\"><b><span style=\"font-family: 'Poppins Light';\">La construcci\u00f3n circular: de utop\u00eda a necesidad estrat\u00e9gica<\/span><\/b><\/p>\n<p class=\"MsoNormal\"><span style=\"font-family: 'Poppins Light';\">Desde la apertura institucional, los representantes p\u00fablicos coincidieron en que la construcci\u00f3n circular ya no es una opci\u00f3n, sino una necesidad estrat\u00e9gica, acelerar la transici\u00f3n hacia un modelo de construcci\u00f3n desacoplado del consumo de recursos naturales fue la constante.<\/span><\/p>\n<p class=\"MsoNormal\"><span style=\"font-family: 'Poppins Light';\">Filo Ca\u00f1ete (Diputaci\u00f3 de Barcelona), Xavier Roca (Generalitat de Catalunya) y Ariadna Llorens (UPC) subrayaron el peso del sector en el consumo de energ\u00eda y la generaci\u00f3n de residuos.<\/span><\/p>\n<p class=\"MsoNormal\"><span style=\"font-family: 'Poppins Light';\">Luis Sanz, CEO de Grupo Construc\u00eda, se\u00f1al\u00f3:<br \/>\n<b>\u201cYa no debatimos si la circularidad es necesaria. El reto ahora es activar beneficios tangibles a corto plazo para acelerar su adopci\u00f3n\u201d.<\/b><\/span><\/p>\n<p class=\"MsoNormal\"><span style=\"font-family: 'Poppins Light';\">\u00a0<\/span><\/p>\n<p class=\"MsoNormal\"><b><span style=\"font-family: 'Poppins Light';\">La ciudad de Londres, ejemplo e inspiraci\u00f3n en innovaci\u00f3n urbana<\/span><\/b><\/p>\n<p class=\"MsoNormal\"><span style=\"font-family: 'Poppins Light';\">El primer bloque tem\u00e1tico estuvo centrado en la <b>City of London<\/b>, presentada por Kerstin Kane (City of London Corporation), quien detall\u00f3 la estrategia circular de la capital brit\u00e1nica y su implementaci\u00f3n actual.<\/span><\/p>\n<p class=\"MsoNormal\"><span style=\"font-family: 'Poppins Light';\">En la conversaci\u00f3n posterior, Ignasi Cubi\u00f1\u00e1 (Grupo Construc\u00eda y EIG), Nia Bell (Climate Group) y James Adams (Maconda Solutions) coincidieron en que la digitalizaci\u00f3n -pasaportes de materiales, datos fiables, trazabilidad- y la colaboraci\u00f3n p\u00fablico-privada son esenciales para escalar soluciones circulares.<br \/>\nNia Bell destac\u00f3 el trabajo del Climate Group para descarbonizar el <b>hormig\u00f3n y el acero<\/b>, mientras Adams puso el \u00e9nfasis en la necesidad de <b>modelos basados en datos<\/b> para actuar m\u00e1s all\u00e1 del nivel local.<\/span><\/p>\n<p class=\"MsoNormal\"><span style=\"font-family: 'Poppins Light';\">\u00a0<\/span><\/p>\n<p class=\"MsoNormal\"><b><span style=\"font-family: 'Poppins Light';\">Spotify Camp Nou: cuando la circularidad llega a las grandes infraestructuras<\/span><\/b><\/p>\n<p class=\"MsoNormal\"><span style=\"font-family: 'Poppins Light';\">El segundo bloque gir\u00f3 en torno a la innovaci\u00f3n en proyectos emblem\u00e1ticos. En el caso del <b>Spotify Camp Nou<\/b>, de la mano de Jordi Portabella (FC Barcelona), se expuso la recuperaci\u00f3n y reutilizaci\u00f3n de m\u00e1s de <b>120.000 toneladas de hormig\u00f3n<\/b>, situando la obra como un referente internacional en circularidad aplicada.<\/span><\/p>\n<p class=\"MsoNormal\"><span style=\"font-family: 'Poppins Light';\">El panel posterior, liderado por Nuria Forcada (C\u00e1tedra UPC\u2013Grupo Construc\u00eda), explor\u00f3 las oportunidades de <b>miner\u00eda urbana<\/b>, la descontaminaci\u00f3n de suelos y la activaci\u00f3n de recursos ya presentes en las ciudades.<br \/>\nAlbert Gil (Batlleiroig Arquitectura) insisti\u00f3 en que:<br \/>\n<b>\u201cLa circularidad debe empezar antes de imaginar el proyecto. Primero se identifica el stock material disponible; despu\u00e9s se dise\u00f1a\u201d.<\/b><\/span><\/p>\n<p class=\"MsoNormal\"><span style=\"font-family: 'Poppins Light';\">\u00a0<\/span><\/p>\n<p class=\"MsoNormal\"><b><span style=\"font-family: 'Poppins Light';\">Innovaci\u00f3n empresarial y un toque de humor<\/span><\/b><\/p>\n<p class=\"MsoNormal\"><span style=\"font-family: 'Poppins Light';\">Empresas como <b>Knauf, Interface, Holcim y Lamp<\/b> presentaron sus modelos de negocio circulares, demostrando que la innovaci\u00f3n industrial es fundamental para transformar el sector.<\/span><\/p>\n<p class=\"MsoNormal\"><span style=\"font-family: 'Poppins Light';\">Tambi\u00e9n intervino <b>Eloi Juvill\u00e0<\/b>, director de Edificaci\u00f3n y Log\u00edstica de la Diputaci\u00f3 de Barcelona, quien detall\u00f3 el <b>Reto Mineral<\/b>, centrado en activar la recuperaci\u00f3n de materiales en entornos urbanos.<\/span><\/p>\n<p class=\"MsoNormal\"><span style=\"font-family: 'Poppins Light';\">Para cerrar la ma\u00f1ana, <b>Impro Barcelona<\/b> aport\u00f3 un toque de humor que refresc\u00f3 el debate y conect\u00f3 con el p\u00fablico.\u00a0 <\/span><\/p>\n<p class=\"MsoNormal\"><span style=\"font-family: 'Poppins Light';\">\u00a0<\/span><\/p>\n<p class=\"MsoNormal\"><b><span style=\"font-family: 'Poppins Light';\">Workshops: del discurso a la acci\u00f3n coordinada<\/span><\/b><\/p>\n<p class=\"MsoNormal\"><span style=\"font-family: 'Poppins Light';\">El V Foro impuls\u00f3 cuatro grupos de trabajo especializados que avanzaron en retos concretos de la industria:<\/span><\/p>\n<ol style=\"margin-top: 0cm;\" start=\"1\" type=\"1\">\n<li class=\"MsoNormal\"><b><span style=\"font-family: 'Poppins Light';\">Riesgo y valor<\/span><\/b><span style=\"font-family: 'Poppins Light';\">: integrar la circularidad en la evaluaci\u00f3n de riesgos inmobiliarios (Grupo Construc\u00eda y GBCe).<\/span><\/li>\n<li class=\"MsoNormal\"><b><span style=\"font-family: 'Poppins Light';\">Cadena de valor del hormig\u00f3n bajo en carbono<\/span><\/b><span style=\"font-family: 'Poppins Light';\"> (Concrete Zero).<\/span><\/li>\n<li class=\"MsoNormal\"><b><span style=\"font-family: 'Poppins Light';\">Modelos de servicio<\/span><\/b><span style=\"font-family: 'Poppins Light';\">: barreras y oportunidades, liderado por <b>EIG<\/b>, con Interface, Knauf y Ziclick.<\/span><\/li>\n<li class=\"MsoNormal\"><b><span style=\"font-family: 'Poppins Light';\">Miner\u00eda urbana<\/span><\/b><span style=\"font-family: 'Poppins Light';\">: oportunidades de recuperaci\u00f3n directa de ventanas, con el modelo de <b>Hydro Building Systems \/ Technal<\/b>.<\/span><\/li>\n<\/ol>\n<p class=\"MsoNormal\"><span style=\"font-family: 'Poppins Light';\">\u00a0<\/span><\/p>\n<p class=\"MsoNormal\"><b><span style=\"font-family: 'Poppins Light';\">Reconocimiento a la innovaci\u00f3n: premios C\u00e1tedra UPC\u2013Grupo Construc\u00eda<\/span><\/b><\/p>\n<p class=\"MsoNormal\"><span style=\"font-family: 'Poppins Light';\">Durante el acto se entregaron los Premios C\u00e1tedra UPC\u2013Grupo Construc\u00eda, que reconocen proyectos innovadores en econom\u00eda circular aplicada a la construcci\u00f3n, reforzando la colaboraci\u00f3n entre academia y empresa para fomentar soluciones de impacto social y ambiental.<\/span><\/p>\n<p class=\"MsoNormal\"><span style=\"font-family: 'Poppins Light';\">\u00a0<\/span><\/p>\n<p class=\"MsoNormal\"><b><span style=\"font-family: 'Poppins Light';\">Un ecosistema en movimiento: alianzas para transformar el sector<\/span><\/b><\/p>\n<p class=\"MsoNormal\"><span style=\"font-family: 'Poppins Light';\">Las conclusiones del Foro fueron un\u00e1nimes: la transici\u00f3n hacia la construcci\u00f3n circular exige colaboraci\u00f3n entre administraciones, promotores, constructoras, industria de materiales, gestores de residuos y la cadena financiera.<\/span><\/p>\n<p class=\"MsoNormal\"><span style=\"font-family: 'Poppins Light';\">En palabras de Kerstin Kane:<br \/>\n<b>\u201cLa planificaci\u00f3n urbana es una de las palancas m\u00e1s poderosas. No es solo reutilizar materiales, es dise\u00f1ar ciudades m\u00e1s saludables y resilientes\u201d.<\/b><\/span><\/p>\n<p class=\"MsoNormal\"><span style=\"font-family: 'Poppins Light';\">El Foro se celebra anualmente, pero la actividad contin\u00faa durante todo el a\u00f1o a trav\u00e9s de los grupos de trabajo y la cooperaci\u00f3n entre empresas participantes.<\/span><\/p>\n<div id=\"attachment_8078\" style=\"width: 1930px\" class=\"wp-caption alignnone\"><img decoding=\"async\" aria-describedby=\"caption-attachment-8078\" class=\"size-full wp-image-8078\" src=\"https:\/\/www.grupoconstrucia.com\/wp-content\/uploads\/2025\/12\/Copia-de-Neutral-Aesthetic-Photo-Collage-Desktop-Wallpaper.png\" alt=\"V Foro Construcci\u00f3n Circular Grupo Construc\u00eda\" width=\"1920\" height=\"1080\" srcset=\"https:\/\/www.grupoconstrucia.com\/wp-content\/uploads\/2025\/12\/Copia-de-Neutral-Aesthetic-Photo-Collage-Desktop-Wallpaper.png 1920w, https:\/\/www.grupoconstrucia.com\/wp-content\/uploads\/2025\/12\/Copia-de-Neutral-Aesthetic-Photo-Collage-Desktop-Wallpaper-300x169.png 300w, https:\/\/www.grupoconstrucia.com\/wp-content\/uploads\/2025\/12\/Copia-de-Neutral-Aesthetic-Photo-Collage-Desktop-Wallpaper-1024x576.png 1024w, https:\/\/www.grupoconstrucia.com\/wp-content\/uploads\/2025\/12\/Copia-de-Neutral-Aesthetic-Photo-Collage-Desktop-Wallpaper-768x432.png 768w, https:\/\/www.grupoconstrucia.com\/wp-content\/uploads\/2025\/12\/Copia-de-Neutral-Aesthetic-Photo-Collage-Desktop-Wallpaper-1536x864.png 1536w, https:\/\/www.grupoconstrucia.com\/wp-content\/uploads\/2025\/12\/Copia-de-Neutral-Aesthetic-Photo-Collage-Desktop-Wallpaper-133x75.png 133w, https:\/\/www.grupoconstrucia.com\/wp-content\/uploads\/2025\/12\/Copia-de-Neutral-Aesthetic-Photo-Collage-Desktop-Wallpaper-1200x675.png 1200w, https:\/\/www.grupoconstrucia.com\/wp-content\/uploads\/2025\/12\/Copia-de-Neutral-Aesthetic-Photo-Collage-Desktop-Wallpaper-480x270.png 480w\" sizes=\"(max-width:767px) 480px, (max-width:1920px) 100vw, 1920px\" \/><p id=\"caption-attachment-8078\" class=\"wp-caption-text\">Im\u00e1genes del V Foro Construcci\u00f3n Circular Grupo Construc\u00eda<\/p><\/div>\n<h3 style=\"margin-top: 12.0pt; text-align: justify;\"><span style=\"font-size: 12pt; line-height: 107%; font-family: 'Poppins Medium';\">Sobre el V Foro de Construcci\u00f3n Circular<\/span><\/h3>\n<p class=\"MsoNormal\"><span style=\"font-family: 'Poppins Light';\">Organizado por <b>Grupo Construc\u00eda<\/b> junto a la UPC y la Diputaci\u00f3 de Barcelona, , el foro se ha consolidado como el espacio donde se comparten aprendizajes, soluciones concretas y modelos que escalan, demostrando que la construcci\u00f3n circular es el presente y el futuro del sector.<\/span><\/p>\n<h3 style=\"margin-top: 12.0pt; text-align: justify;\"><span style=\"font-size: 12pt; line-height: 107%; font-family: 'Poppins Medium';\">Sobre Grupo Construc\u00eda<\/span><\/h3>\n<p class=\"MsoNormal\" style=\"line-height: 115%;\"><span style=\"font-size: 9.0pt; line-height: 115%; font-family: Poppins;\">Grupo Construc\u00eda es un ecosistema de empresas que busca transformar el sector de la construcci\u00f3n y la industria mediante la econom\u00eda circular. Sus cuatro empresas act\u00faan a lo largo de la cadena de valor, desde la inversi\u00f3n a la qu\u00edmica de los productos Cuenta con m\u00e1s de 350 empleados y sedes en Madrid, Barcelona y Lisboa. Actualmente, la componen: Construc\u00eda (pionera en construcci\u00f3n circular), Eco Intelligent Growth (consultor\u00eda de Econom\u00eda Circular Cradle to Cradle, Cradle to Cradle Certified\u00ae Accredited Assessment Body), Construc\u00eda Instalaciones y Circular Capital (gesti\u00f3n de inversiones de impacto). \u00a0<\/span><\/p>\n<p class=\"MsoNormal\" style=\"line-height: 115%;\"><span style=\"font-size: 9.0pt; line-height: 115%; font-family: Poppins;\">\u00a0<\/span><\/p>\n<p class=\"MsoNormal\" style=\"line-height: 115%;\"><b><span style=\"font-size: 9.0pt; line-height: 115%; font-family: Poppins;\">M\u00e1s informaci\u00f3n en<\/span><\/b> <a href=\"http:\/\/www.grupoconstrucia.com\/\"><span style=\"font-size: 9.0pt; line-height: 115%; font-family: Poppins;\">www.grupoconstrucia.com<\/span><\/a><\/p>\n<p class=\"MsoNormal\" style=\"line-height: 115%;\"><a href=\"mailto:Comunicacion@GrupoConstrucia.com\"><span style=\"font-size: 9.0pt; line-height: 115%; font-family: Poppins;\">Comunicacion@GrupoConstrucia.com<\/span><\/a><\/p>\n<p>&nbsp;<\/p>\n<p class=\"MsoNormal\">+34 687 417 016<\/p>\n","protected":false},"excerpt":{"rendered":"<p>\u2022\u00a0\u00a0\u00a0\u00a0\u00a0\u00a0\u00a0 M\u00e1s de 300 asistentes, 16 organizaciones y representantes del sector p\u00fablico, privado y acad\u00e9mico se reunieron para impulsar la econom\u00eda circular aplicada a la construcci\u00f3n. \u2022\u00a0\u00a0\u00a0\u00a0\u00a0\u00a0\u00a0 La City of<span class=\"excerpt-hellip\"> [\u2026]<\/span><\/p>\n","protected":false},"author":12,"featured_media":8074,"comment_status":"open","ping_status":"closed","sticky":false,"template":"","format":"standard","meta":{"_acf_changed":false,"footnotes":"","_links_to":"","_links_to_target":""},"categories":[40,34,39,43],"tags":[],"class_list":["post-8073","post","type-post","status-publish","format-standard","has-post-thumbnail","hentry","category-colaboracion","category-construccion","category-construccion-circular","category-economia-circular"],"acf":[],"_links":{"self":[{"href":"https:\/\/www.grupoconstrucia.com\/index.php\/wp-json\/wp\/v2\/posts\/8073","targetHints":{"allow":["GET"]}}],"collection":[{"href":"https:\/\/www.grupoconstrucia.com\/index.php\/wp-json\/wp\/v2\/posts"}],"about":[{"href":"https:\/\/www.grupoconstrucia.com\/index.php\/wp-json\/wp\/v2\/types\/post"}],"author":[{"embeddable":true,"href":"https:\/\/www.grupoconstrucia.com\/index.php\/wp-json\/wp\/v2\/users\/12"}],"replies":[{"embeddable":true,"href":"https:\/\/www.grupoconstrucia.com\/index.php\/wp-json\/wp\/v2\/comments?post=8073"}],"version-history":[{"count":1,"href":"https:\/\/www.grupoconstrucia.com\/index.php\/wp-json\/wp\/v2\/posts\/8073\/revisions"}],"predecessor-version":[{"id":8080,"href":"https:\/\/www.grupoconstrucia.com\/index.php\/wp-json\/wp\/v2\/posts\/8073\/revisions\/8080"}],"wp:featuredmedia":[{"embeddable":true,"href":"https:\/\/www.grupoconstrucia.com\/index.php\/wp-json\/wp\/v2\/media\/8074"}],"wp:attachment":[{"href":"https:\/\/www.grupoconstrucia.com\/index.php\/wp-json\/wp\/v2\/media?parent=8073"}],"wp:term":[{"taxonomy":"category","embeddable":true,"href":"https:\/\/www.grupoconstrucia.com\/index.php\/wp-json\/wp\/v2\/categories?post=8073"},{"taxonomy":"post_tag","embeddable":true,"href":"https:\/\/www.grupoconstrucia.com\/index.php\/wp-json\/wp\/v2\/tags?post=8073"}],"curies":[{"name":"wp","href":"https:\/\/api.w.org\/{rel}","templated":true}]}}