{"id":8117,"date":"2025-12-15T09:32:54","date_gmt":"2025-12-15T09:32:54","guid":{"rendered":"https:\/\/www.grupoconstrucia.com\/?p=8117"},"modified":"2025-12-15T09:50:20","modified_gmt":"2025-12-15T09:50:20","slug":"circular-capital-refuerza-su-liderazgo-en-inversion-sostenible","status":"publish","type":"post","link":"https:\/\/www.grupoconstrucia.com\/index.php\/circular-capital-refuerza-su-liderazgo-en-inversion-sostenible\/","title":{"rendered":"Circular Capital refuerza su liderazgo en inversi\u00f3n sostenible y presenta su hoja de ruta para 2026-2028"},"content":{"rendered":"\t\t<div data-elementor-type=\"wp-post\" data-elementor-id=\"8117\" class=\"elementor elementor-8117\">\n\t\t\t\t\t\t<section class=\"elementor-section elementor-top-section elementor-element elementor-element-1b1f7c8 elementor-section-boxed elementor-section-height-default elementor-section-height-default\" data-id=\"1b1f7c8\" data-element_type=\"section\" data-e-type=\"section\">\n\t\t\t\t\t\t<div class=\"elementor-container elementor-column-gap-default\">\n\t\t\t\t\t<div class=\"elementor-column elementor-col-100 elementor-top-column elementor-element elementor-element-2bf1da54\" data-id=\"2bf1da54\" data-element_type=\"column\" data-e-type=\"column\">\n\t\t\t<div class=\"elementor-widget-wrap elementor-element-populated\">\n\t\t\t\t\t\t<div class=\"elementor-element elementor-element-3feed2c3 elementor-widget elementor-widget-text-editor\" data-id=\"3feed2c3\" data-element_type=\"widget\" data-e-type=\"widget\" data-widget_type=\"text-editor.default\">\n\t\t\t\t<div class=\"elementor-widget-container\">\n\t\t\t\t\t\t\t\t\t<p><span style=\"font-family: 'Poppins Light';\"><span class=\"TextRun SCXW205269383 BCX8\" lang=\"ES-ES\" xml:lang=\"ES-ES\" data-contrast=\"auto\"><span class=\"NormalTextRun SCXW205269383 BCX8\">Barcelona,\u00a0<\/span><span class=\"NormalTextRun SCXW205269383 BCX8\">15<\/span><span class=\"NormalTextRun SCXW205269383 BCX8\"> de diciembre de 2025<\/span><\/span><\/span><\/p><p><span style=\"font-family: 'Poppins Light';\"><strong><span class=\"TextRun SCXW205269383 BCX8\" lang=\"ES-ES\" xml:lang=\"ES-ES\" data-contrast=\"auto\"><span class=\"NormalTextRun SCXW205269383 BCX8\">Circular Capital celebr\u00f3 su\u00a0<\/span><\/span><span class=\"TextRun SCXW205269383 BCX8\" lang=\"ES-ES\" xml:lang=\"ES-ES\" data-contrast=\"auto\"><span class=\"NormalTextRun SpellingErrorV2Themed SCXW205269383 BCX8\">Annual<\/span><span class=\"NormalTextRun SCXW205269383 BCX8\">\u00a0General\u00a0<\/span><span class=\"NormalTextRun AdvancedProofingIssueV2Themed SCXW205269383 BCX8\">Meeting<\/span><span class=\"NormalTextRun SCXW205269383 BCX8\">\u00a0(AGM)<\/span><\/span><span class=\"TextRun SCXW205269383 BCX8\" lang=\"ES-ES\" xml:lang=\"ES-ES\" data-contrast=\"auto\"><span class=\"NormalTextRun SCXW205269383 BCX8\">\u00a0en el marco del\u00a0<\/span><\/span><span class=\"TextRun SCXW205269383 BCX8\" lang=\"ES-ES\" xml:lang=\"ES-ES\" data-contrast=\"auto\"><span class=\"NormalTextRun SCXW205269383 BCX8\">V Circular\u00a0<\/span><span class=\"NormalTextRun SpellingErrorV2Themed SCXW205269383 BCX8\">Construction<\/span><span class=\"NormalTextRun SCXW205269383 BCX8\">\u00a0Summi<\/span><\/span><span class=\"TextRun SCXW205269383 BCX8\" lang=\"ES-ES\" xml:lang=\"ES-ES\" data-contrast=\"auto\"><span class=\"NormalTextRun SCXW205269383 BCX8\">t<\/span><\/span><span class=\"TextRun SCXW205269383 BCX8\" lang=\"ES-ES\" xml:lang=\"ES-ES\" data-contrast=\"auto\"><span class=\"NormalTextRun SCXW205269383 BCX8\">, organizado por\u00a0<\/span><\/span><span class=\"TextRun SCXW205269383 BCX8\" lang=\"ES-ES\" xml:lang=\"ES-ES\" data-contrast=\"auto\"><span class=\"NormalTextRun SCXW205269383 BCX8\">Grupo Construc\u00eda<\/span><\/span><\/strong><span class=\"TextRun SCXW205269383 BCX8\" lang=\"ES-ES\" xml:lang=\"ES-ES\" data-contrast=\"auto\"><span class=\"NormalTextRun SCXW205269383 BCX8\">\u00a0junto a otros colaboradores estrat\u00e9gicos. El encuentro reuni\u00f3 a inversores, socios y l\u00edderes del sector para presentar la evoluci\u00f3n del\u00a0<\/span><span class=\"NormalTextRun AdvancedProofingIssueV2Themed SCXW205269383 BCX8\">portfolio<\/span><span class=\"NormalTextRun SCXW205269383 BCX8\">, los resultados del periodo 2023-2025 y las claves del crecimiento previsto para los pr\u00f3ximos tres a\u00f1os.<\/span><\/span><span class=\"EOP SCXW205269383 BCX8\" data-ccp-props=\"{}\">\u00a0<\/span><\/span><\/p><p>\u00a0<\/p><p><b><span data-contrast=\"auto\">Resultados y visi\u00f3n estrat\u00e9gica<\/span><\/b><span data-ccp-props=\"{}\">\u00a0<\/span><\/p><p><span data-contrast=\"auto\">La compa\u00f1\u00eda reafirm\u00f3 su prop\u00f3sito:\u00a0<\/span><b><span data-contrast=\"auto\">romper los moldes del ecosistema inmobiliario y financiero<\/span><\/b><span data-contrast=\"auto\">, liderando una nueva era donde invertir significa generar\u00a0<\/span><b><span data-contrast=\"auto\">impacto positivo medible en las personas, las empresas y el planeta<\/span><\/b><span data-contrast=\"auto\">, alineado con la\u00a0<\/span><b><span data-contrast=\"auto\">taxonom\u00eda europea<\/span><\/b><span data-contrast=\"auto\">.<\/span><span data-ccp-props=\"{}\">\u00a0<\/span><\/p><p><span data-contrast=\"auto\">Entre los hitos m\u00e1s destacados:<\/span><span data-ccp-props=\"{}\">\u00a0<\/span><\/p><ul><li aria-setsize=\"-1\" data-leveltext=\"\uf0b7\" data-font=\"Symbol\" data-listid=\"1\" data-list-defn-props=\"{&quot;335552541&quot;:1,&quot;335559685&quot;:720,&quot;335559991&quot;:360,&quot;469769226&quot;:&quot;Symbol&quot;,&quot;469769242&quot;:[8226],&quot;469777803&quot;:&quot;left&quot;,&quot;469777804&quot;:&quot;\uf0b7&quot;,&quot;469777815&quot;:&quot;hybridMultilevel&quot;}\" data-aria-posinset=\"1\" data-aria-level=\"1\"><b><span data-contrast=\"auto\">En su cartera actual<\/span><\/b><span data-contrast=\"auto\">, la compa\u00f1\u00eda desarrolla a trav\u00e9s de su marca\u00a0<\/span><b><span data-contrast=\"auto\">Circular\u00a0Homes<\/span><\/b><span data-contrast=\"auto\">, seis proyectos residenciales en Madrid y Barcelona, en\u00a0<\/span><b><span data-contrast=\"auto\">zonas de alto valor y demanda<\/span><\/b><span data-contrast=\"auto\">, como\u00a0<\/span><b><span data-contrast=\"auto\">Madrid R\u00edo<\/span><\/b><span data-contrast=\"auto\">,\u00a0<\/span><b><span data-contrast=\"auto\">Sant Cugat del Vall\u00e8s<\/span><\/b><span data-contrast=\"auto\">,\u00a0<\/span><b><span data-contrast=\"auto\">Cabrera de Mar<\/span><\/b><span data-contrast=\"auto\">,\u00a0<\/span><b><span data-contrast=\"auto\">Torrelodones<\/span><\/b><span data-contrast=\"auto\">\u00a0y\u00a0<\/span><b><span data-contrast=\"auto\">Caldes\u00a0d\u2019Estrac<\/span><\/b><span data-contrast=\"auto\">, combinando entornos urbanos consolidados con enclaves naturales y costeros exclusivos. En conjunto, suman\u00a0<\/span><b><span data-contrast=\"auto\">11.720 m\u00b2<\/span><\/b><span data-contrast=\"auto\">,\u00a0<\/span><b><span data-contrast=\"auto\">84 unidades<\/span><\/b><span data-contrast=\"auto\">\u00a0y un valor\u00a0agregado\u00a0de\u00a0<\/span><b><span data-contrast=\"auto\">62 millones de euros<\/span><\/b><span data-contrast=\"auto\">, con una rentabilidad media\u00a0de la cartera\u00a0del\u00a0<\/span><b><span data-contrast=\"auto\">23,7%\u00a0de TIR<\/span><\/b><span data-contrast=\"auto\">\u00a0y un Cash\u00a0on\u00a0Cash de 1.71x.<\/span><span data-ccp-props=\"{}\">\u00a0<\/span><\/li><\/ul><ul><li aria-setsize=\"-1\" data-leveltext=\"\uf0b7\" data-font=\"Symbol\" data-listid=\"1\" data-list-defn-props=\"{&quot;335552541&quot;:1,&quot;335559685&quot;:720,&quot;335559991&quot;:360,&quot;469769226&quot;:&quot;Symbol&quot;,&quot;469769242&quot;:[8226],&quot;469777803&quot;:&quot;left&quot;,&quot;469777804&quot;:&quot;\uf0b7&quot;,&quot;469777815&quot;:&quot;hybridMultilevel&quot;}\" data-aria-posinset=\"2\" data-aria-level=\"1\"><span data-contrast=\"auto\">Adem\u00e1s,\u00a0entre las soluciones de este ecosistema, Circular Capital\u00a0gestiona inversiones alternativas\u00a0en empresas innovadoras como\u00a0<\/span><b><span data-contrast=\"auto\">Natuka<\/span><\/b><span data-contrast=\"auto\">,\u00a0<\/span><b><span data-contrast=\"auto\">Honext<\/span><\/b><span data-contrast=\"auto\">\u00a0y\u00a0<\/span><b><span data-contrast=\"auto\">Senniors<\/span><\/b><span data-contrast=\"auto\">, con un volumen agregado de\u00a0m\u00e1s\u00a0<\/span><b><span data-contrast=\"auto\">28 millones de euros<\/span><\/b><span data-contrast=\"auto\">.<\/span><span data-ccp-props=\"{}\">\u00a0<\/span><\/li><\/ul><p>\u00a0<\/p><p><b><span data-contrast=\"auto\">Impacto medible<\/span><\/b><span data-ccp-props=\"{}\">\u00a0<\/span><\/p><p><span data-contrast=\"auto\">Los proyectos de Circular Capital no solo generan valor econ\u00f3mico, sino tambi\u00e9n un impacto ambiental y social tangible, medible y verificable. La cuantificaci\u00f3n de dicho impacto se realiza mediante la comparaci\u00f3n sistem\u00e1tica de cada proyecto con un\u00a0baseline\u00a0de referencia, definido como un escenario representativo de un edificio convencional que cumple la normativa vigente. Este\u00a0<\/span><i><span data-contrast=\"auto\">baseline<\/span><\/i><span data-contrast=\"auto\">\u00a0constituye el marco objetivo frente al cual se eval\u00faan y verifican las mejoras alcanzadas.<\/span><span data-ccp-props=\"{&quot;201341983&quot;:2,&quot;335559739&quot;:0,&quot;335559740&quot;:300}\">\u00a0<\/span><\/p><ul><li aria-setsize=\"-1\" data-leveltext=\"\uf0b7\" data-font=\"Symbol\" data-listid=\"2\" data-list-defn-props=\"{&quot;335552541&quot;:1,&quot;335559685&quot;:720,&quot;335559991&quot;:360,&quot;469769226&quot;:&quot;Symbol&quot;,&quot;469769242&quot;:[8226],&quot;469777803&quot;:&quot;left&quot;,&quot;469777804&quot;:&quot;\uf0b7&quot;,&quot;469777815&quot;:&quot;multilevel&quot;}\" data-aria-posinset=\"1\" data-aria-level=\"1\"><b><span data-contrast=\"auto\">Reducci\u00f3n global de la huella de carbono\u00a0equivalente\u00a0del 53%<\/span><\/b><span data-contrast=\"auto\">.\u00a0<\/span><span data-ccp-props=\"{}\">\u00a0<\/span><\/li><\/ul><ul><li aria-setsize=\"-1\" data-leveltext=\"\uf0b7\" data-font=\"Symbol\" data-listid=\"2\" data-list-defn-props=\"{&quot;335552541&quot;:1,&quot;335559685&quot;:720,&quot;335559991&quot;:360,&quot;469769226&quot;:&quot;Symbol&quot;,&quot;469769242&quot;:[8226],&quot;469777803&quot;:&quot;left&quot;,&quot;469777804&quot;:&quot;\uf0b7&quot;,&quot;469777815&quot;:&quot;multilevel&quot;}\" data-aria-posinset=\"2\" data-aria-level=\"1\"><b><span data-contrast=\"auto\">\u00cdndice de circularidad superior al 52%<\/span><\/b><span data-contrast=\"auto\">,\u00a0m\u00e1s de la mitad de los materiales y procesos est\u00e1n dise\u00f1ados para reutilizarse, reciclarse y evitar residuos.<\/span><span data-ccp-props=\"{}\">\u00a0<\/span><\/li><\/ul><ul><li aria-setsize=\"-1\" data-leveltext=\"\uf0b7\" data-font=\"Symbol\" data-listid=\"2\" data-list-defn-props=\"{&quot;335552541&quot;:1,&quot;335559685&quot;:720,&quot;335559991&quot;:360,&quot;469769226&quot;:&quot;Symbol&quot;,&quot;469769242&quot;:[8226],&quot;469777803&quot;:&quot;left&quot;,&quot;469777804&quot;:&quot;\uf0b7&quot;,&quot;469777815&quot;:&quot;multilevel&quot;}\" data-aria-posinset=\"3\" data-aria-level=\"1\"><b><span data-contrast=\"auto\">96% de residuos\u00a0generados durante el proceso de construcci\u00f3n pueden ser reciclados<\/span><\/b><span data-contrast=\"auto\">. Reincorporando los materiales a la cadena de valor y evitando vertederos.\u00a0<\/span><span data-ccp-props=\"{}\">\u00a0<\/span><\/li><\/ul><ul><li aria-setsize=\"-1\" data-leveltext=\"\uf0b7\" data-font=\"Symbol\" data-listid=\"2\" data-list-defn-props=\"{&quot;335552541&quot;:1,&quot;335559685&quot;:720,&quot;335559991&quot;:360,&quot;469769226&quot;:&quot;Symbol&quot;,&quot;469769242&quot;:[8226],&quot;469777803&quot;:&quot;left&quot;,&quot;469777804&quot;:&quot;\uf0b7&quot;,&quot;469777815&quot;:&quot;multilevel&quot;}\" data-aria-posinset=\"4\" data-aria-level=\"1\"><span data-contrast=\"auto\">Uso de\u00a0<\/span><b><span data-contrast=\"auto\">materiales saludables en m\u00e1s del 95%<\/span><\/b><span data-contrast=\"auto\">\u00a0ya que se\u00a0han priorizado\u00a0productos sin componentes t\u00f3xicos y con bajo contenido de compuestos org\u00e1nicos vol\u00e1tiles.\u00a0<\/span><\/li><\/ul><p>\u00a0<\/p><p><b><span data-contrast=\"auto\">Hoja de ruta\u00a02026-2028<\/span><\/b><span data-ccp-props=\"{}\">\u00a0<\/span><\/p><p><span data-contrast=\"auto\">Circular Capital tiene planes ambiciosos para los pr\u00f3ximos tres a\u00f1os. Entre sus objetivos destacan:<\/span><span data-ccp-props=\"{}\">\u00a0<\/span><\/p><ul><li aria-setsize=\"-1\" data-leveltext=\"\uf0b7\" data-font=\"Symbol\" data-listid=\"3\" data-list-defn-props=\"{&quot;335552541&quot;:1,&quot;335559685&quot;:720,&quot;335559991&quot;:360,&quot;469769226&quot;:&quot;Symbol&quot;,&quot;469769242&quot;:[8226],&quot;469777803&quot;:&quot;left&quot;,&quot;469777804&quot;:&quot;\uf0b7&quot;,&quot;469777815&quot;:&quot;multilevel&quot;}\" data-aria-posinset=\"1\" data-aria-level=\"1\"><b><span data-contrast=\"auto\">Multiplicar por\u00a0seis\u00a0el valor\u00a0gestionado al final del 2025 en el negocio inmobiliario<\/span><\/b><span data-contrast=\"auto\">, alcanzando\u00a0los\u00a0<\/span><b><span data-contrast=\"auto\">480 millones de euros<\/span><\/b><span data-contrast=\"auto\">.<\/span><span data-ccp-props=\"{}\">\u00a0<\/span><\/li><\/ul><ul><li aria-setsize=\"-1\" data-leveltext=\"\uf0b7\" data-font=\"Symbol\" data-listid=\"3\" data-list-defn-props=\"{&quot;335552541&quot;:1,&quot;335559685&quot;:720,&quot;335559991&quot;:360,&quot;469769226&quot;:&quot;Symbol&quot;,&quot;469769242&quot;:[8226],&quot;469777803&quot;:&quot;left&quot;,&quot;469777804&quot;:&quot;\uf0b7&quot;,&quot;469777815&quot;:&quot;multilevel&quot;}\" data-aria-posinset=\"2\" data-aria-level=\"1\"><span data-contrast=\"auto\">Ampliar el equipo hasta\u00a0<\/span><b><span data-contrast=\"auto\">27 profesionales<\/span><\/b><span data-contrast=\"auto\">\u00a0para as\u00ed impulsar la innovaci\u00f3n, la gesti\u00f3n de las operaciones y el desarrollo de su CIREP (Circular\u00a0Impact\u00a0Real Estate\u00a0Platform).<\/span><span data-ccp-props=\"{}\">\u00a0<\/span><\/li><\/ul><ul><li aria-setsize=\"-1\" data-leveltext=\"\uf0b7\" data-font=\"Symbol\" data-listid=\"3\" data-list-defn-props=\"{&quot;335552541&quot;:1,&quot;335559685&quot;:720,&quot;335559991&quot;:360,&quot;469769226&quot;:&quot;Symbol&quot;,&quot;469769242&quot;:[8226],&quot;469777803&quot;:&quot;left&quot;,&quot;469777804&quot;:&quot;\uf0b7&quot;,&quot;469777815&quot;:&quot;multilevel&quot;}\" data-aria-posinset=\"3\" data-aria-level=\"1\"><span data-contrast=\"auto\">Incorporar nuevos activos en\u00a0\u201c<\/span><b><span data-contrast=\"auto\">Living\u201d\u00a0y\u00a0\u201cHospitality\u201d con foco en la sostenibilidad de los proyectos hoteleros<\/span><\/b><span data-contrast=\"auto\">.<\/span><span data-ccp-props=\"{}\">\u00a0<\/span><\/li><\/ul><ul><li aria-setsize=\"-1\" data-leveltext=\"\uf0b7\" data-font=\"Symbol\" data-listid=\"3\" data-list-defn-props=\"{&quot;335552541&quot;:1,&quot;335559685&quot;:720,&quot;335559991&quot;:360,&quot;469769226&quot;:&quot;Symbol&quot;,&quot;469769242&quot;:[8226],&quot;469777803&quot;:&quot;left&quot;,&quot;469777804&quot;:&quot;\uf0b7&quot;,&quot;469777815&quot;:&quot;multilevel&quot;}\" data-aria-posinset=\"4\" data-aria-level=\"1\"><span data-contrast=\"auto\">Gestionar m\u00e1s de\u00a0<\/span><b><span data-contrast=\"auto\">580 viviendas<\/span><\/b><span data-contrast=\"auto\">\u00a0y lanzar\u00a0<\/span><b><span data-contrast=\"auto\">Indular<\/span><\/b><span data-contrast=\"auto\">, su nuevo producto\u00a0industrializado basado en\u00a0la\u00a0econom\u00eda\u00a0circular.<\/span><span data-ccp-props=\"{}\">\u00a0<\/span><\/li><\/ul><p><span data-contrast=\"auto\">\u201cEstamos construyendo un modelo que\u00a0permite cerrar el GAP entre\u00a0rentabilidad y sostenibilidad, generando valor para inversores, financiadores y\u00a0partners\u00a0que buscan liderar la transformaci\u00f3n del sector\u201d,\u00a0concluy\u00f3\u00a0<\/span><b><span data-contrast=\"auto\">C\u00e1stor Gonz\u00e1lez<\/span><\/b><span data-contrast=\"auto\">, CEO de\u00a0Circular Capital.<\/span><span data-ccp-props=\"{&quot;335572079&quot;:6,&quot;335572080&quot;:1,&quot;335572081&quot;:4278190080,&quot;469789806&quot;:&quot;single&quot;}\">\u00a0<\/span><\/p><p style=\"margin-top: 12.0pt; text-align: justify;\"><strong><span style=\"font-size: 12pt; line-height: 107%; font-family: 'Poppins Medium';\">\u00a0<\/span><\/strong><\/p><p style=\"margin-top: 12.0pt; text-align: justify;\"><strong><span style=\"font-size: 12pt; line-height: 107%; font-family: 'Poppins Medium';\">Sobre Circular Capital<\/span><\/strong><\/p><p><span data-contrast=\"auto\">Circular Capital es una gestora de inversiones\u00a0para el sector de\u00a0la construcci\u00f3n, la industria asociada y el real estate\u00a0que\u00a0persigue\u00a0el impacto positivo para las personas, el planeta y las empresas.\u00a0A su vez, tambi\u00e9n desarrolla activos inmobiliarios que aspiran al impacto positivo.\u00a0<\/span><span data-ccp-props=\"{&quot;201341983&quot;:0,&quot;335559740&quot;:276}\">\u00a0<\/span><\/p><p><span data-contrast=\"auto\">Actualmente, tiene presencia en Madrid, Barcelona y Lisboa. Forma parte de Grupo Construc\u00eda,\u00a0un ecosistema de empresas\u00a0con m\u00e1s de 300 empleados\u00a0que busca transformar el sector de la construcci\u00f3n y las\u00a0industrias vinculadas\u00a0mediante la econom\u00eda circular.\u00a0<\/span><span data-ccp-props=\"{&quot;201341983&quot;:0,&quot;335559740&quot;:276}\">\u00a0<\/span><\/p><p><span data-ccp-props=\"{&quot;201341983&quot;:0,&quot;335559740&quot;:276}\">\u00a0<\/span><\/p><p><span data-contrast=\"auto\"><strong>M\u00e1s informaci\u00f3n<\/strong> en<span style=\"color: #000000;\">\u00a0<\/span><\/span><span style=\"color: #000000;\"><a style=\"color: #000000;\" href=\"https:\/\/www.ccapital.es\/\">https:\/\/www.ccapital.es\/<\/a>\u00a0\u00a0<\/span><\/p><p><span style=\"color: #000000;\"><a style=\"color: #000000;\" href=\"mailto:comunicacion@grupoconstrucia.com\">comunicacion@grupoconstrucia.com<\/a>\u00a0\u00a0<\/span><\/p><p><img fetchpriority=\"high\" decoding=\"async\" class=\"alignnone wp-image-8119 size-full\" src=\"https:\/\/www.grupoconstrucia.com\/wp-content\/uploads\/2025\/12\/R248003.jpg\" alt=\"\" width=\"2160\" height=\"1440\" srcset=\"https:\/\/www.grupoconstrucia.com\/wp-content\/uploads\/2025\/12\/R248003.jpg 2160w, https:\/\/www.grupoconstrucia.com\/wp-content\/uploads\/2025\/12\/R248003-300x200.jpg 300w, https:\/\/www.grupoconstrucia.com\/wp-content\/uploads\/2025\/12\/R248003-1024x683.jpg 1024w, https:\/\/www.grupoconstrucia.com\/wp-content\/uploads\/2025\/12\/R248003-768x512.jpg 768w, https:\/\/www.grupoconstrucia.com\/wp-content\/uploads\/2025\/12\/R248003-1536x1024.jpg 1536w, https:\/\/www.grupoconstrucia.com\/wp-content\/uploads\/2025\/12\/R248003-2048x1365.jpg 2048w, https:\/\/www.grupoconstrucia.com\/wp-content\/uploads\/2025\/12\/R248003-113x75.jpg 113w, https:\/\/www.grupoconstrucia.com\/wp-content\/uploads\/2025\/12\/R248003-480x320.jpg 480w\" sizes=\"(max-width:767px) 480px, (max-width:2160px) 100vw, 2160px\" \/><\/p><p><span class=\"TextRun SCXW133228168 BCX8\" lang=\"ES-ES\" xml:lang=\"ES-ES\" data-contrast=\"auto\"><span class=\"NormalTextRun SCXW133228168 BCX8\">Equipo de Circular Capital en el Circular Capital\u00a0<\/span><span class=\"NormalTextRun SpellingErrorV2Themed SCXW133228168 BCX8\">Annual<\/span><span class=\"NormalTextRun SCXW133228168 BCX8\">\u00a0General\u00a0<\/span><span class=\"NormalTextRun AdvancedProofingIssueV2Themed SCXW133228168 BCX8\">Meeting<\/span><span class=\"NormalTextRun SCXW133228168 BCX8\">.\u00a0<\/span><span class=\"NormalTextRun SpellingErrorV2Themed SCXW133228168 BCX8\">Izq<\/span><span class=\"NormalTextRun SCXW133228168 BCX8\">-derecha: C\u00e1stor Gonz\u00e1lez, David Fern\u00e1ndez, Francisco Jim\u00e9nez, Alejandro Su\u00e1rez.<\/span><\/span><span class=\"EOP SCXW133228168 BCX8\" data-ccp-props=\"{&quot;201341983&quot;:0,&quot;335559740&quot;:276}\">\u00a0<\/span><\/p><p>\u00a0<\/p><p><img decoding=\"async\" class=\"alignnone wp-image-8121 size-full\" src=\"https:\/\/www.grupoconstrucia.com\/wp-content\/uploads\/2025\/12\/R248016.jpg\" alt=\"\" width=\"2160\" height=\"1440\" srcset=\"https:\/\/www.grupoconstrucia.com\/wp-content\/uploads\/2025\/12\/R248016.jpg 2160w, https:\/\/www.grupoconstrucia.com\/wp-content\/uploads\/2025\/12\/R248016-300x200.jpg 300w, https:\/\/www.grupoconstrucia.com\/wp-content\/uploads\/2025\/12\/R248016-1024x683.jpg 1024w, https:\/\/www.grupoconstrucia.com\/wp-content\/uploads\/2025\/12\/R248016-768x512.jpg 768w, https:\/\/www.grupoconstrucia.com\/wp-content\/uploads\/2025\/12\/R248016-1536x1024.jpg 1536w, https:\/\/www.grupoconstrucia.com\/wp-content\/uploads\/2025\/12\/R248016-2048x1365.jpg 2048w, https:\/\/www.grupoconstrucia.com\/wp-content\/uploads\/2025\/12\/R248016-113x75.jpg 113w, https:\/\/www.grupoconstrucia.com\/wp-content\/uploads\/2025\/12\/R248016-480x320.jpg 480w\" sizes=\"(max-width:767px) 480px, (max-width:2160px) 100vw, 2160px\" \/><\/p><p><span class=\"TextRun SCXW225218154 BCX8\" lang=\"ES-ES\" xml:lang=\"ES-ES\" data-contrast=\"auto\"><span class=\"NormalTextRun SCXW225218154 BCX8\">Equipo de Circular Capital en el Circular Capital\u00a0<\/span><span class=\"NormalTextRun SpellingErrorV2Themed SCXW225218154 BCX8\">Annual<\/span><span class=\"NormalTextRun SCXW225218154 BCX8\">\u00a0General\u00a0<\/span><span class=\"NormalTextRun AdvancedProofingIssueV2Themed SCXW225218154 BCX8\">Meeting<\/span><span class=\"NormalTextRun SCXW225218154 BCX8\">.\u00a0<\/span><span class=\"NormalTextRun SpellingErrorV2Themed SCXW225218154 BCX8\">Izq<\/span><span class=\"NormalTextRun SCXW225218154 BCX8\">-derecha: C\u00e1stor Gonz\u00e1lez, Francisco Jim\u00e9nez, Alejandro Su\u00e1rez,<\/span><span class=\"NormalTextRun SCXW225218154 BCX8\">\u00a0<\/span><span class=\"NormalTextRun SCXW225218154 BCX8\">Freddy Le\u00f3n.\u00a0<\/span><\/span><span class=\"EOP SCXW225218154 BCX8\" data-ccp-props=\"{&quot;201341983&quot;:0,&quot;335559740&quot;:276}\">\u00a0<\/span><\/p><p>\u00a0<\/p><p><img decoding=\"async\" class=\"alignnone wp-image-8123 size-full\" src=\"https:\/\/www.grupoconstrucia.com\/wp-content\/uploads\/2025\/12\/R247601.jpg\" alt=\"\" width=\"2160\" height=\"1440\" srcset=\"https:\/\/www.grupoconstrucia.com\/wp-content\/uploads\/2025\/12\/R247601.jpg 2160w, https:\/\/www.grupoconstrucia.com\/wp-content\/uploads\/2025\/12\/R247601-300x200.jpg 300w, https:\/\/www.grupoconstrucia.com\/wp-content\/uploads\/2025\/12\/R247601-1024x683.jpg 1024w, https:\/\/www.grupoconstrucia.com\/wp-content\/uploads\/2025\/12\/R247601-768x512.jpg 768w, https:\/\/www.grupoconstrucia.com\/wp-content\/uploads\/2025\/12\/R247601-1536x1024.jpg 1536w, https:\/\/www.grupoconstrucia.com\/wp-content\/uploads\/2025\/12\/R247601-2048x1365.jpg 2048w, https:\/\/www.grupoconstrucia.com\/wp-content\/uploads\/2025\/12\/R247601-113x75.jpg 113w, https:\/\/www.grupoconstrucia.com\/wp-content\/uploads\/2025\/12\/R247601-480x320.jpg 480w\" sizes=\"(max-width:767px) 480px, (max-width:2160px) 100vw, 2160px\" \/><\/p><p><span class=\"TextRun SCXW147874460 BCX8\" lang=\"ES-ES\" xml:lang=\"ES-ES\" data-contrast=\"auto\"><span class=\"NormalTextRun SCXW147874460 BCX8\">Equipo de Circular Capital en el V Circular\u00a0<\/span><span class=\"NormalTextRun SpellingErrorV2Themed SCXW147874460 BCX8\">Construction<\/span><span class=\"NormalTextRun SCXW147874460 BCX8\">\u00a0Summit.\u00a0<\/span><span class=\"NormalTextRun SpellingErrorV2Themed SCXW147874460 BCX8\">Izq<\/span><span class=\"NormalTextRun SCXW147874460 BCX8\">-derecha: David Fern\u00e1ndez, Alejandro Su\u00e1rez, Francisco Jim\u00e9nez, C\u00e1stor Gonz\u00e1lez, Freddy Le\u00f3n.\u00a0\u00a0<\/span><\/span><span class=\"EOP SCXW147874460 BCX8\" data-ccp-props=\"{&quot;201341983&quot;:0,&quot;335559740&quot;:276}\">\u00a0<\/span><\/p><p>\u00a0<\/p><p><img loading=\"lazy\" decoding=\"async\" class=\"alignnone wp-image-8125 size-full\" src=\"https:\/\/www.grupoconstrucia.com\/wp-content\/uploads\/2025\/12\/R247233.jpg\" alt=\"\" width=\"2160\" height=\"1440\" srcset=\"https:\/\/www.grupoconstrucia.com\/wp-content\/uploads\/2025\/12\/R247233.jpg 2160w, https:\/\/www.grupoconstrucia.com\/wp-content\/uploads\/2025\/12\/R247233-300x200.jpg 300w, https:\/\/www.grupoconstrucia.com\/wp-content\/uploads\/2025\/12\/R247233-1024x683.jpg 1024w, https:\/\/www.grupoconstrucia.com\/wp-content\/uploads\/2025\/12\/R247233-768x512.jpg 768w, https:\/\/www.grupoconstrucia.com\/wp-content\/uploads\/2025\/12\/R247233-1536x1024.jpg 1536w, https:\/\/www.grupoconstrucia.com\/wp-content\/uploads\/2025\/12\/R247233-2048x1365.jpg 2048w, https:\/\/www.grupoconstrucia.com\/wp-content\/uploads\/2025\/12\/R247233-113x75.jpg 113w, https:\/\/www.grupoconstrucia.com\/wp-content\/uploads\/2025\/12\/R247233-480x320.jpg 480w\" sizes=\"(max-width:767px) 480px, (max-width:2160px) 100vw, 2160px\" \/><\/p><p><span class=\"TextRun SCXW82640849 BCX8\" lang=\"ES-ES\" xml:lang=\"ES-ES\" data-contrast=\"auto\"><span class=\"NormalTextRun SCXW82640849 BCX8\">P\u00fablico durante el Circular\u00a0<\/span><span class=\"NormalTextRun SpellingErrorV2Themed SCXW82640849 BCX8\">Construction<\/span><span class=\"NormalTextRun SCXW82640849 BCX8\">\u00a0Summit 2025.\u00a0<\/span><\/span><span class=\"EOP SCXW82640849 BCX8\" data-ccp-props=\"{&quot;201341983&quot;:0,&quot;335559740&quot;:276}\">\u00a0<\/span><\/p>\t\t\t\t\t\t\t\t<\/div>\n\t\t\t\t<\/div>\n\t\t\t\t\t<\/div>\n\t\t<\/div>\n\t\t\t\t\t<\/div>\n\t\t<\/section>\n\t\t\t\t<\/div>\n\t\t","protected":false},"excerpt":{"rendered":"<p>Barcelona,\u00a015 de diciembre de 2025 Circular Capital celebr\u00f3 su\u00a0Annual\u00a0General\u00a0Meeting\u00a0(AGM)\u00a0en el marco del\u00a0V Circular\u00a0Construction\u00a0Summit, organizado por\u00a0Grupo Construc\u00eda\u00a0junto a otros colaboradores estrat\u00e9gicos. El encuentro reuni\u00f3 a inversores, socios y l\u00edderes del sector<span class=\"excerpt-hellip\"> [\u2026]<\/span><\/p>\n","protected":false},"author":11,"featured_media":8119,"comment_status":"open","ping_status":"closed","sticky":false,"template":"","format":"standard","meta":{"_acf_changed":false,"footnotes":"","_links_to":"","_links_to_target":""},"categories":[35,40,34,39,43],"tags":[],"class_list":["post-8117","post","type-post","status-publish","format-standard","has-post-thumbnail","hentry","category-circular-capital","category-colaboracion","category-construccion","category-construccion-circular","category-economia-circular"],"acf":[],"_links":{"self":[{"href":"https:\/\/www.grupoconstrucia.com\/index.php\/wp-json\/wp\/v2\/posts\/8117","targetHints":{"allow":["GET"]}}],"collection":[{"href":"https:\/\/www.grupoconstrucia.com\/index.php\/wp-json\/wp\/v2\/posts"}],"about":[{"href":"https:\/\/www.grupoconstrucia.com\/index.php\/wp-json\/wp\/v2\/types\/post"}],"author":[{"embeddable":true,"href":"https:\/\/www.grupoconstrucia.com\/index.php\/wp-json\/wp\/v2\/users\/11"}],"replies":[{"embeddable":true,"href":"https:\/\/www.grupoconstrucia.com\/index.php\/wp-json\/wp\/v2\/comments?post=8117"}],"version-history":[{"count":14,"href":"https:\/\/www.grupoconstrucia.com\/index.php\/wp-json\/wp\/v2\/posts\/8117\/revisions"}],"predecessor-version":[{"id":8142,"href":"https:\/\/www.grupoconstrucia.com\/index.php\/wp-json\/wp\/v2\/posts\/8117\/revisions\/8142"}],"wp:featuredmedia":[{"embeddable":true,"href":"https:\/\/www.grupoconstrucia.com\/index.php\/wp-json\/wp\/v2\/media\/8119"}],"wp:attachment":[{"href":"https:\/\/www.grupoconstrucia.com\/index.php\/wp-json\/wp\/v2\/media?parent=8117"}],"wp:term":[{"taxonomy":"category","embeddable":true,"href":"https:\/\/www.grupoconstrucia.com\/index.php\/wp-json\/wp\/v2\/categories?post=8117"},{"taxonomy":"post_tag","embeddable":true,"href":"https:\/\/www.grupoconstrucia.com\/index.php\/wp-json\/wp\/v2\/tags?post=8117"}],"curies":[{"name":"wp","href":"https:\/\/api.w.org\/{rel}","templated":true}]}}